{"id":8749,"date":"2019-10-13T22:50:00","date_gmt":"2019-10-13T22:50:00","guid":{"rendered":"https:\/\/jorgezanoni.com.br\/2019\/?p=8749"},"modified":"2019-10-13T22:50:00","modified_gmt":"2019-10-13T22:50:00","slug":"pauliceia-encerrou-participacao-no-campeonato-brasileiro-de-karate-com-otima-performance","status":"publish","type":"post","link":"https:\/\/jorgezanoni.com.br\/2019\/pauliceia-encerrou-participacao-no-campeonato-brasileiro-de-karate-com-otima-performance\/","title":{"rendered":"Paulic\u00e9ia encerrou participa\u00e7\u00e3o no Campeonato Brasileiro de Karat\u00ea com \u00f3tima performance"},"content":{"rendered":"<p style=\"text-align: justify;\">Paulic\u00e9ia encerrou neste domingo a participa\u00e7\u00e3o no Campeonato Brasileiro de Karat\u00ea em Uberl\u00e2ndia, Minas Gerais com um \u00f3timo resultado.<\/p>\n<p style=\"text-align: justify;\">Foram conquistadas oito medalhas, o melhor resultado de todas as finais.<\/p>\n<p style=\"text-align: justify;\">Agora o Sensei Rafael Nascimbem vai focar seus atletas para as finais do Campeonato Estadual, que acontecer\u00e1 dia 16 de novembro na cidade de Campo Grande Mato Grosso do Sul.<\/p>\n<p style=\"text-align: justify;\">Parab\u00e9ns todos os atletas!!!!!<\/p>\n","protected":false},"excerpt":{"rendered":"<p>Paulic\u00e9ia encerrou neste domingo a participa\u00e7\u00e3o no Campeonato Brasileiro de Karat\u00ea em Uberl\u00e2ndia, Minas Gerais com um \u00f3timo resultado. Foram conquistadas oito medalhas, o melhor resultado de todas as finais. Agora o Sensei Rafael Nascimbem vai focar seus atletas para as finais do Campeonato Estadual, que acontecer\u00e1 dia 16 de novembro na cidade de Campo [&hellip;]<\/p>\n","protected":false},"author":1,"featured_media":8750,"comment_status":"closed","ping_status":"open","sticky":false,"template":"","format":"standard","meta":{"footnotes":""},"categories":[111],"tags":[],"class_list":["post-8749","post","type-post","status-publish","format-standard","has-post-thumbnail","hentry","category-esporteecultura"],"_links":{"self":[{"href":"https:\/\/jorgezanoni.com.br\/2019\/wp-json\/wp\/v2\/posts\/8749","targetHints":{"allow":["GET"]}}],"collection":[{"href":"https:\/\/jorgezanoni.com.br\/2019\/wp-json\/wp\/v2\/posts"}],"about":[{"href":"https:\/\/jorgezanoni.com.br\/2019\/wp-json\/wp\/v2\/types\/post"}],"author":[{"embeddable":true,"href":"https:\/\/jorgezanoni.com.br\/2019\/wp-json\/wp\/v2\/users\/1"}],"replies":[{"embeddable":true,"href":"https:\/\/jorgezanoni.com.br\/2019\/wp-json\/wp\/v2\/comments?post=8749"}],"version-history":[{"count":0,"href":"https:\/\/jorgezanoni.com.br\/2019\/wp-json\/wp\/v2\/posts\/8749\/revisions"}],"wp:featuredmedia":[{"embeddable":true,"href":"https:\/\/jorgezanoni.com.br\/2019\/wp-json\/wp\/v2\/media\/8750"}],"wp:attachment":[{"href":"https:\/\/jorgezanoni.com.br\/2019\/wp-json\/wp\/v2\/media?parent=8749"}],"wp:term":[{"taxonomy":"category","embeddable":true,"href":"https:\/\/jorgezanoni.com.br\/2019\/wp-json\/wp\/v2\/categories?post=8749"},{"taxonomy":"post_tag","embeddable":true,"href":"https:\/\/jorgezanoni.com.br\/2019\/wp-json\/wp\/v2\/tags?post=8749"}],"curies":[{"name":"wp","href":"https:\/\/api.w.org\/{rel}","templated":true}]}}