{"id":87476,"date":"2024-06-30T23:31:30","date_gmt":"2024-06-30T23:31:30","guid":{"rendered":"https:\/\/jorgezanoni.com.br\/2019\/?p=87476"},"modified":"2024-07-01T00:46:45","modified_gmt":"2024-07-01T00:46:45","slug":"familias-zanoni-trombetti-agradecem-profissionais-de-saude-que-cuidaram-do-alcides-zanoni","status":"publish","type":"post","link":"https:\/\/jorgezanoni.com.br\/2019\/familias-zanoni-trombetti-agradecem-profissionais-de-saude-que-cuidaram-do-alcides-zanoni\/","title":{"rendered":"Fam\u00edlias Zanoni\/Trombetti agradecem profissionais de sa\u00fade que cuidaram do Alcides Zanoni"},"content":{"rendered":"<p style=\"text-align: justify;\"><strong>Foram exatos 30 dias, sendo 17 na UTI e 13 no leito hospitalar, que nosso amado Alcides Zanoni esteve sob os cuidados dos profissionais da sa\u00fade.<\/strong><\/p>\n<p style=\"text-align: justify;\">Muitos momentos de ang\u00fastia e desespero da fam\u00edlia, desde sua entrada no PAM (Pronto Atendimento Municipal), mas sempre colocando Deus em primeiro lugar e depois confiando naqueles que estavam cuidando dele.<\/p>\n<p style=\"text-align: justify;\">A todos do PAM do S\u00e3o Crist\u00f3v\u00e3o, a certeza que quem al\u00ed \u00e9 recebido, est\u00e1 tendo o primeiro passo de acolhimento com conhecimento, seguran\u00e7a e muitos recursos dispon\u00edveis.<\/p>\n<p style=\"text-align: justify;\">Aos profissionais da UTI e daqueles que cuidaram todos os dias que ficou no quarto, nosso reconhecimento. Pessoal da ambul\u00e2ncia, limpeza, cozinha, enfermeiros, t\u00e9cnicos de enfermagem, fisioterap\u00eautas, m\u00e9dicos e dire\u00e7\u00e3o da Santa Casa de Dracena, nosso reconhecimento.<\/p>\n<p style=\"text-align: justify;\">Men\u00e7\u00f5es especiais ao m\u00e9dico cl\u00ednico geral Dr. Henio Ferrairo Jorge, e a fisioterap\u00eauta Marcela Casoti, a quem pedimos permiss\u00e3o, para em seus nomes agradecer de cora\u00e7\u00e3o a todos os envolvidos, direta ou indiretamente, dando total aten\u00e7\u00e3o ao nosso Alcides Zanoni.<\/p>\n<p>Queremos enaltecer a maneira carinhosa, prestativa, sol\u00edcita e ombro amigo e de apoio de cada um que passou por nossas vidas nesses dias de tantas incertezas.<\/p>\n<p style=\"text-align: justify;\">Aproveitamos tamb\u00e9m para agradecer a todos que oraram pelo restabelecimento dele que acabou n\u00e3o ocorrendo, sendo feita a vontade de Deus.<\/p>\n<p style=\"text-align: justify;\">A fam\u00edlia Zanoni\/Trombetti, resume tudo a todos, em uma palavra: GRATID\u00c3O!!!<\/p>\n<p>&nbsp;<\/p>\n<p>&nbsp;<\/p>\n","protected":false},"excerpt":{"rendered":"<p>Foram exatos 30 dias, sendo 17 na UTI e 13 no leito hospitalar, que nosso amado Alcides Zanoni esteve sob os cuidados dos profissionais da sa\u00fade. Muitos momentos de ang\u00fastia e desespero da fam\u00edlia, desde sua entrada no PAM (Pronto Atendimento Municipal), mas sempre colocando Deus em primeiro lugar e depois confiando naqueles que estavam [&hellip;]<\/p>\n","protected":false},"author":1,"featured_media":87477,"comment_status":"closed","ping_status":"open","sticky":false,"template":"","format":"standard","meta":{"footnotes":""},"categories":[110,122],"tags":[],"class_list":["post-87476","post","type-post","status-publish","format-standard","has-post-thumbnail","hentry","category-noticiasdestaque","category-saudeeducacaoeconcurso"],"_links":{"self":[{"href":"https:\/\/jorgezanoni.com.br\/2019\/wp-json\/wp\/v2\/posts\/87476","targetHints":{"allow":["GET"]}}],"collection":[{"href":"https:\/\/jorgezanoni.com.br\/2019\/wp-json\/wp\/v2\/posts"}],"about":[{"href":"https:\/\/jorgezanoni.com.br\/2019\/wp-json\/wp\/v2\/types\/post"}],"author":[{"embeddable":true,"href":"https:\/\/jorgezanoni.com.br\/2019\/wp-json\/wp\/v2\/users\/1"}],"replies":[{"embeddable":true,"href":"https:\/\/jorgezanoni.com.br\/2019\/wp-json\/wp\/v2\/comments?post=87476"}],"version-history":[{"count":5,"href":"https:\/\/jorgezanoni.com.br\/2019\/wp-json\/wp\/v2\/posts\/87476\/revisions"}],"predecessor-version":[{"id":87491,"href":"https:\/\/jorgezanoni.com.br\/2019\/wp-json\/wp\/v2\/posts\/87476\/revisions\/87491"}],"wp:featuredmedia":[{"embeddable":true,"href":"https:\/\/jorgezanoni.com.br\/2019\/wp-json\/wp\/v2\/media\/87477"}],"wp:attachment":[{"href":"https:\/\/jorgezanoni.com.br\/2019\/wp-json\/wp\/v2\/media?parent=87476"}],"wp:term":[{"taxonomy":"category","embeddable":true,"href":"https:\/\/jorgezanoni.com.br\/2019\/wp-json\/wp\/v2\/categories?post=87476"},{"taxonomy":"post_tag","embeddable":true,"href":"https:\/\/jorgezanoni.com.br\/2019\/wp-json\/wp\/v2\/tags?post=87476"}],"curies":[{"name":"wp","href":"https:\/\/api.w.org\/{rel}","templated":true}]}}