{"id":87471,"date":"2024-06-30T15:20:32","date_gmt":"2024-06-30T15:20:32","guid":{"rendered":"https:\/\/jorgezanoni.com.br\/2019\/?p=87471"},"modified":"2024-06-30T15:20:32","modified_gmt":"2024-06-30T15:20:32","slug":"policia-civil-de-junqueiropolis-atua-na-operacao-virtude","status":"publish","type":"post","link":"https:\/\/jorgezanoni.com.br\/2019\/policia-civil-de-junqueiropolis-atua-na-operacao-virtude\/","title":{"rendered":"Pol\u00edcia Civil de Junqueir\u00f3polis atua na Opera\u00e7\u00e3o Virtude"},"content":{"rendered":"<p style=\"text-align: justify;\">Na manh\u00e3 desta quinta-feira (27) policiais civis da Delegacia de Pol\u00edcia de Junqueir\u00f3polis estiveram no Lar Santo Ant\u00f4nio de Junqueir\u00f3polis durante as dilig\u00eancias da Opera\u00e7\u00e3o Virtude, do Minist\u00e9rio da Justi\u00e7a e que tem como objetivo o combate a crimes e atos de abuso contra idosos.<\/p>\n<p style=\"text-align: justify;\">Durante a opera\u00e7\u00e3o, que contou com apoio de profissionais da Diretoria de Assist\u00eancia Social da Prefeitura Municipal de Junqueir\u00f3polis, foram realizadas vistorias por toda \u00e1rea da entidade. Verificou-se que a entidade atua dentro dos padr\u00f5es de salubridade e \u00e9tica. O ambiente \u00e9 asseado e os idosos possuem atendimento m\u00e9dico, odontol\u00f3gico, psicossocial e l\u00fadico. Chamou a aten\u00e7\u00e3o dos policiais civis o altru\u00edsmo e o comprometimento de alguns servidores da entidade que prestam servi\u00e7o naquele local h\u00e1 anos, de forma volunt\u00e1ria. Ao final dos trabalhos, foi elaborado Relat\u00f3rio ilustrado que ser\u00e1 encaminhado ao Minist\u00e9rio da Justi\u00e7a hierarquicamente.<\/p>\n<p><img loading=\"lazy\" decoding=\"async\" class=\"alignnone size-full wp-image-87473\" src=\"https:\/\/jorgezanoni.com.br\/2019\/wp-content\/uploads\/2024\/06\/n-Pequeno.jpg\" alt=\"\" width=\"854\" height=\"480\" srcset=\"https:\/\/jorgezanoni.com.br\/2019\/wp-content\/uploads\/2024\/06\/n-Pequeno.jpg 854w, https:\/\/jorgezanoni.com.br\/2019\/wp-content\/uploads\/2024\/06\/n-Pequeno-300x169.jpg 300w, https:\/\/jorgezanoni.com.br\/2019\/wp-content\/uploads\/2024\/06\/n-Pequeno-768x432.jpg 768w, https:\/\/jorgezanoni.com.br\/2019\/wp-content\/uploads\/2024\/06\/n-Pequeno-696x391.jpg 696w, https:\/\/jorgezanoni.com.br\/2019\/wp-content\/uploads\/2024\/06\/n-Pequeno-747x420.jpg 747w\" sizes=\"auto, (max-width: 854px) 100vw, 854px\" \/> <img loading=\"lazy\" decoding=\"async\" class=\"alignnone size-full wp-image-87474\" src=\"https:\/\/jorgezanoni.com.br\/2019\/wp-content\/uploads\/2024\/06\/c3675a84-3f1e-478e-9191-f48018fd6873-n1-Pequeno.jpg\" alt=\"\" width=\"854\" height=\"480\" srcset=\"https:\/\/jorgezanoni.com.br\/2019\/wp-content\/uploads\/2024\/06\/c3675a84-3f1e-478e-9191-f48018fd6873-n1-Pequeno.jpg 854w, https:\/\/jorgezanoni.com.br\/2019\/wp-content\/uploads\/2024\/06\/c3675a84-3f1e-478e-9191-f48018fd6873-n1-Pequeno-300x169.jpg 300w, https:\/\/jorgezanoni.com.br\/2019\/wp-content\/uploads\/2024\/06\/c3675a84-3f1e-478e-9191-f48018fd6873-n1-Pequeno-768x432.jpg 768w, https:\/\/jorgezanoni.com.br\/2019\/wp-content\/uploads\/2024\/06\/c3675a84-3f1e-478e-9191-f48018fd6873-n1-Pequeno-696x391.jpg 696w, https:\/\/jorgezanoni.com.br\/2019\/wp-content\/uploads\/2024\/06\/c3675a84-3f1e-478e-9191-f48018fd6873-n1-Pequeno-747x420.jpg 747w\" sizes=\"auto, (max-width: 854px) 100vw, 854px\" \/><\/p>\n<p>Fonte: Com. Social Pol\u00edcia Civil<\/p>\n","protected":false},"excerpt":{"rendered":"<p>Na manh\u00e3 desta quinta-feira (27) policiais civis da Delegacia de Pol\u00edcia de Junqueir\u00f3polis estiveram no Lar Santo Ant\u00f4nio de Junqueir\u00f3polis durante as dilig\u00eancias da Opera\u00e7\u00e3o Virtude, do Minist\u00e9rio da Justi\u00e7a e que tem como objetivo o combate a crimes e atos de abuso contra idosos. Durante a opera\u00e7\u00e3o, que contou com apoio de profissionais da [&hellip;]<\/p>\n","protected":false},"author":1,"featured_media":87472,"comment_status":"closed","ping_status":"open","sticky":false,"template":"","format":"standard","meta":{"footnotes":""},"categories":[110,2],"tags":[],"class_list":["post-87471","post","type-post","status-publish","format-standard","has-post-thumbnail","hentry","category-noticiasdestaque","category-policial"],"_links":{"self":[{"href":"https:\/\/jorgezanoni.com.br\/2019\/wp-json\/wp\/v2\/posts\/87471","targetHints":{"allow":["GET"]}}],"collection":[{"href":"https:\/\/jorgezanoni.com.br\/2019\/wp-json\/wp\/v2\/posts"}],"about":[{"href":"https:\/\/jorgezanoni.com.br\/2019\/wp-json\/wp\/v2\/types\/post"}],"author":[{"embeddable":true,"href":"https:\/\/jorgezanoni.com.br\/2019\/wp-json\/wp\/v2\/users\/1"}],"replies":[{"embeddable":true,"href":"https:\/\/jorgezanoni.com.br\/2019\/wp-json\/wp\/v2\/comments?post=87471"}],"version-history":[{"count":1,"href":"https:\/\/jorgezanoni.com.br\/2019\/wp-json\/wp\/v2\/posts\/87471\/revisions"}],"predecessor-version":[{"id":87475,"href":"https:\/\/jorgezanoni.com.br\/2019\/wp-json\/wp\/v2\/posts\/87471\/revisions\/87475"}],"wp:featuredmedia":[{"embeddable":true,"href":"https:\/\/jorgezanoni.com.br\/2019\/wp-json\/wp\/v2\/media\/87472"}],"wp:attachment":[{"href":"https:\/\/jorgezanoni.com.br\/2019\/wp-json\/wp\/v2\/media?parent=87471"}],"wp:term":[{"taxonomy":"category","embeddable":true,"href":"https:\/\/jorgezanoni.com.br\/2019\/wp-json\/wp\/v2\/categories?post=87471"},{"taxonomy":"post_tag","embeddable":true,"href":"https:\/\/jorgezanoni.com.br\/2019\/wp-json\/wp\/v2\/tags?post=87471"}],"curies":[{"name":"wp","href":"https:\/\/api.w.org\/{rel}","templated":true}]}}