{"id":8746,"date":"2019-10-13T21:17:50","date_gmt":"2019-10-13T21:17:50","guid":{"rendered":"https:\/\/jorgezanoni.com.br\/2019\/?p=8746"},"modified":"2019-10-13T21:17:50","modified_gmt":"2019-10-13T21:17:50","slug":"rodovia-general-euclides-de-oliveira-figueiredo-sp-563-tambem-teve-arvores-caidas-na-pista","status":"publish","type":"post","link":"https:\/\/jorgezanoni.com.br\/2019\/rodovia-general-euclides-de-oliveira-figueiredo-sp-563-tambem-teve-arvores-caidas-na-pista\/","title":{"rendered":"Rodovia General Euclides de Oliveira Figueiredo (SP-563) tamb\u00e9m teve \u00e1rvores ca\u00eddas na pista"},"content":{"rendered":"<p>Rodovia General Euclides de Oliveira Figueiredo (SP-563) na tarde de hoje, pr\u00f3ximo a Monte Castelo. (V\u00eddeos de Internauta) 13\/10\/19<\/p>\n<div id=\"fb-root\"><\/div>\n<p><script async=\"1\" defer=\"1\" crossorigin=\"anonymous\" src=\"https:\/\/connect.facebook.net\/en_US\/sdk.js#xfbml=1&amp;version=v4.0\"><\/script><\/p>\n<div class=\"fb-video\" data-href=\"https:\/\/www.facebook.com\/jorgeluizzanoni\/videos\/3218733731534076\/\" data-width=\"696\">\n<blockquote cite=\"https:\/\/www.facebook.com\/jorgeluizzanoni\/videos\/3218733731534076\/\" class=\"fb-xfbml-parse-ignore\"><p><a href=\"https:\/\/www.facebook.com\/jorgeluizzanoni\/videos\/3218733731534076\/\"><\/a><\/p>\n<p>Rodovia General Euclides de Oliveira Figueiredo (SP-563) na tarde de hoje, pr\u00f3ximo a Monte Castelo. (V\u00eddeo de Internauta) 13\/10\/19 (01)<\/p>\n<p>Posted by <a href=\"https:\/\/www.facebook.com\/jorgeluizzanoni\">Jorge Luiz Zanoni<\/a> on Sunday, October 13, 2019<\/p><\/blockquote>\n<\/div>\n<div id=\"fb-root\"><\/div>\n<p><script async=\"1\" defer=\"1\" crossorigin=\"anonymous\" src=\"https:\/\/connect.facebook.net\/en_US\/sdk.js#xfbml=1&amp;version=v4.0\"><\/script><\/p>\n<div class=\"fb-video\" data-href=\"https:\/\/www.facebook.com\/jorgeluizzanoni\/videos\/3218736821533767\/\" data-width=\"696\">\n<blockquote cite=\"https:\/\/www.facebook.com\/jorgeluizzanoni\/videos\/3218736821533767\/\" class=\"fb-xfbml-parse-ignore\"><p><a href=\"https:\/\/www.facebook.com\/jorgeluizzanoni\/videos\/3218736821533767\/\"><\/a><\/p>\n<p>Rodovia General Euclides de Oliveira Figueiredo (SP-563) na tarde de hoje, pr\u00f3ximo a Monte Castelo. (V\u00eddeo de Internauta) 13\/10\/19 (02)<\/p>\n<p>Posted by <a href=\"https:\/\/www.facebook.com\/jorgeluizzanoni\">Jorge Luiz Zanoni<\/a> on Sunday, October 13, 2019<\/p><\/blockquote>\n<\/div>\n","protected":false},"excerpt":{"rendered":"<p>Rodovia General Euclides de Oliveira Figueiredo (SP-563) na tarde de hoje, pr\u00f3ximo a Monte Castelo. (V\u00eddeos de Internauta) 13\/10\/19 Rodovia General Euclides de Oliveira Figueiredo (SP-563) na tarde de hoje, pr\u00f3ximo a Monte Castelo. (V\u00eddeo de Internauta) 13\/10\/19 (01) Posted by Jorge Luiz Zanoni on Sunday, October 13, 2019 Rodovia General Euclides de Oliveira Figueiredo [&hellip;]<\/p>\n","protected":false},"author":1,"featured_media":8747,"comment_status":"closed","ping_status":"open","sticky":false,"template":"","format":"video","meta":{"footnotes":""},"categories":[169],"tags":[],"class_list":["post-8746","post","type-post","status-publish","format-video","has-post-thumbnail","hentry","category-videos","post_format-post-format-video"],"_links":{"self":[{"href":"https:\/\/jorgezanoni.com.br\/2019\/wp-json\/wp\/v2\/posts\/8746","targetHints":{"allow":["GET"]}}],"collection":[{"href":"https:\/\/jorgezanoni.com.br\/2019\/wp-json\/wp\/v2\/posts"}],"about":[{"href":"https:\/\/jorgezanoni.com.br\/2019\/wp-json\/wp\/v2\/types\/post"}],"author":[{"embeddable":true,"href":"https:\/\/jorgezanoni.com.br\/2019\/wp-json\/wp\/v2\/users\/1"}],"replies":[{"embeddable":true,"href":"https:\/\/jorgezanoni.com.br\/2019\/wp-json\/wp\/v2\/comments?post=8746"}],"version-history":[{"count":0,"href":"https:\/\/jorgezanoni.com.br\/2019\/wp-json\/wp\/v2\/posts\/8746\/revisions"}],"wp:featuredmedia":[{"embeddable":true,"href":"https:\/\/jorgezanoni.com.br\/2019\/wp-json\/wp\/v2\/media\/8747"}],"wp:attachment":[{"href":"https:\/\/jorgezanoni.com.br\/2019\/wp-json\/wp\/v2\/media?parent=8746"}],"wp:term":[{"taxonomy":"category","embeddable":true,"href":"https:\/\/jorgezanoni.com.br\/2019\/wp-json\/wp\/v2\/categories?post=8746"},{"taxonomy":"post_tag","embeddable":true,"href":"https:\/\/jorgezanoni.com.br\/2019\/wp-json\/wp\/v2\/tags?post=8746"}],"curies":[{"name":"wp","href":"https:\/\/api.w.org\/{rel}","templated":true}]}}