{"id":87434,"date":"2024-06-28T16:15:34","date_gmt":"2024-06-28T16:15:34","guid":{"rendered":"https:\/\/jorgezanoni.com.br\/2019\/?p=87434"},"modified":"2024-06-28T16:15:34","modified_gmt":"2024-06-28T16:15:34","slug":"morre-alcides-zanoni-irmao-do-diretor-do-site-jz-e-top-tv","status":"publish","type":"post","link":"https:\/\/jorgezanoni.com.br\/2019\/morre-alcides-zanoni-irmao-do-diretor-do-site-jz-e-top-tv\/","title":{"rendered":"Morre Alcides Zanoni, irm\u00e3o do diretor do Site JZ e Top Tv"},"content":{"rendered":"<p style=\"text-align: justify;\">Comunico com pesar o falecimento do meu amado irm\u00e3o Alcides Zanoni de 73 anos, ocorrido na manh\u00e3 desta sexta-feira (28) na Santa Casa de Dracena.<\/p>\n<p style=\"text-align: justify;\">Deixa a esposa Neide, filhos Danilo e Fl\u00e1via, nora Aline, genro Renato, netas Alice e Maria Eduarda, irm\u00e3os Jorge e Carmen L\u00facia, sobrinhos, demais parentes, familiares e amigos.<\/p>\n<p style=\"text-align: justify;\">Ao meu amado irm\u00e3o obrigado pelos ensinamentos, reconhecimento pelos sofrimentos e a certeza que est\u00e1 sendo recebido nos bra\u00e7os de Deus.<\/p>\n<p style=\"text-align: justify;\">Gratid\u00e3o especial a minha cunhada Neide que n\u00e3o mediu esfor\u00e7os nos \u00faltimos 25 anos, e em nenhum momento juntamente com os filhos deixaram de dar aten\u00e7\u00e3o e proporcionar uma v\u00edda confort\u00e1vel a ele, apesar da sua enfermidade.<\/p>\n<p style=\"text-align: justify;\">Em nome da fam\u00edlia Zanoni e Trombetti, queremos agradecer a todos que fizeram ora\u00e7\u00f5es e torceram pelo restabelecimento dele, mas a vontade do Pai \u00e9 a que temos que aceitar.<\/p>\n<p style=\"text-align: justify;\">Seu corpo ser\u00e1 velado a partir das 18:00 Horas de hoje (28) na sala Vip do Memorial Vida Prev e o sepultamento ocorrer\u00e1 amanh\u00e3 (29) \u00e0s 14:00 Horas no Cemit\u00e9rio Municipal de Dracena.<\/p>\n<p>Jorge Zanoni<\/p>\n","protected":false},"excerpt":{"rendered":"<p>Comunico com pesar o falecimento do meu amado irm\u00e3o Alcides Zanoni de 73 anos, ocorrido na manh\u00e3 desta sexta-feira (28) na Santa Casa de Dracena. Deixa a esposa Neide, filhos Danilo e Fl\u00e1via, nora Aline, genro Renato, netas Alice e Maria Eduarda, irm\u00e3os Jorge e Carmen L\u00facia, sobrinhos, demais parentes, familiares e amigos. Ao meu [&hellip;]<\/p>\n","protected":false},"author":1,"featured_media":87435,"comment_status":"closed","ping_status":"open","sticky":false,"template":"","format":"standard","meta":{"footnotes":""},"categories":[178,110],"tags":[],"class_list":["post-87434","post","type-post","status-publish","format-standard","has-post-thumbnail","hentry","category-notadefalecimento","category-noticiasdestaque"],"_links":{"self":[{"href":"https:\/\/jorgezanoni.com.br\/2019\/wp-json\/wp\/v2\/posts\/87434","targetHints":{"allow":["GET"]}}],"collection":[{"href":"https:\/\/jorgezanoni.com.br\/2019\/wp-json\/wp\/v2\/posts"}],"about":[{"href":"https:\/\/jorgezanoni.com.br\/2019\/wp-json\/wp\/v2\/types\/post"}],"author":[{"embeddable":true,"href":"https:\/\/jorgezanoni.com.br\/2019\/wp-json\/wp\/v2\/users\/1"}],"replies":[{"embeddable":true,"href":"https:\/\/jorgezanoni.com.br\/2019\/wp-json\/wp\/v2\/comments?post=87434"}],"version-history":[{"count":1,"href":"https:\/\/jorgezanoni.com.br\/2019\/wp-json\/wp\/v2\/posts\/87434\/revisions"}],"predecessor-version":[{"id":87436,"href":"https:\/\/jorgezanoni.com.br\/2019\/wp-json\/wp\/v2\/posts\/87434\/revisions\/87436"}],"wp:featuredmedia":[{"embeddable":true,"href":"https:\/\/jorgezanoni.com.br\/2019\/wp-json\/wp\/v2\/media\/87435"}],"wp:attachment":[{"href":"https:\/\/jorgezanoni.com.br\/2019\/wp-json\/wp\/v2\/media?parent=87434"}],"wp:term":[{"taxonomy":"category","embeddable":true,"href":"https:\/\/jorgezanoni.com.br\/2019\/wp-json\/wp\/v2\/categories?post=87434"},{"taxonomy":"post_tag","embeddable":true,"href":"https:\/\/jorgezanoni.com.br\/2019\/wp-json\/wp\/v2\/tags?post=87434"}],"curies":[{"name":"wp","href":"https:\/\/api.w.org\/{rel}","templated":true}]}}