{"id":87379,"date":"2024-06-25T11:43:40","date_gmt":"2024-06-25T11:43:40","guid":{"rendered":"https:\/\/jorgezanoni.com.br\/2019\/?p=87379"},"modified":"2024-06-25T11:43:40","modified_gmt":"2024-06-25T11:43:40","slug":"sicredi-centro-oeste-paulista-homenageia-associados-fundadores-de-suas-novas-agencias","status":"publish","type":"post","link":"https:\/\/jorgezanoni.com.br\/2019\/sicredi-centro-oeste-paulista-homenageia-associados-fundadores-de-suas-novas-agencias\/","title":{"rendered":"Sicredi Centro Oeste Paulista homenageia associados fundadores de suas novas ag\u00eancias"},"content":{"rendered":"<p class=\"v1MsoNormal\" style=\"text-align: justify;\" align=\"center\"><strong><i>Eventos destacam a ades\u00e3o dos primeiros associados nas novas unidades em Agudos, Bauru, Lins e Mar\u00edlia.<\/i><\/strong><i><span lang=\"PT\">\u00a0<\/span><\/i><\/p>\n<p class=\"v1MsoBodyText\" style=\"text-align: justify;\"><span lang=\"PT\">Em reconhecimento e celebra\u00e7\u00e3o aos associados fundadores das suas novas ag\u00eancias, a Sicredi Centro Oeste Paulista promoveu eventos especiais de reconhecimento. As ag\u00eancias de Agudos, Cruzeiro do Sul em Bauru, Lins e Santa Antonieta em Mar\u00edlia, receberam placas comemorativas durante cerim\u00f4nias exclusivas, que contaram com a presen\u00e7a dos primeiros associados das novas unidades inauguradas\u00a0entre\u00a0dezembro\u00a0de\u00a02023\u00a0e\u00a0janeiro\u00a0deste\u00a0ano.\u00a0O\u00a0objetivo\u00a0foi\u00a0marcar\u00a0um\u00a0momento hist\u00f3rico nas ag\u00eancias, registrando, para a posteridade, o nome daqueles que foram fundamentais no in\u00edcio da trajet\u00f3ria de cada local.<\/span><span lang=\"PT\">\u00a0<\/span><\/p>\n<p class=\"v1MsoBodyText\" style=\"text-align: justify;\"><span lang=\"PT\">&#8220;Esse\u00a0momento\u00a0pr\u00f3ximo\u00a0com\u00a0cada\u00a0associado\u00a0\u00e9\u00a0parte\u00a0do\u00a0diferencial\u00a0do\u00a0Sicredi.\u00a0Nosso\u00a0contato personalizado\u00a0vai\u00a0desde\u00a0solu\u00e7\u00f5es\u00a0para\u00a0as\u00a0necessidades\u00a0dos\u00a0associados\u00a0at\u00e9\u00a0a\u00a0comemora\u00e7\u00e3o dessa parceria de sucesso, pois a cooperativa \u00e9 a uni\u00e3o de todos os envolvidos&#8221;, destaca o presidente\u00a0da\u00a0Sicredi\u00a0Oeste\u00a0Paulista,\u00a0Dr.\u00a0Jo\u00e3o\u00a0Alberto\u00a0Salvi.<\/span><span lang=\"PT\">\u00a0<\/span><\/p>\n<p class=\"v1MsoBodyText\" style=\"text-align: justify;\"><span lang=\"PT\">Nos\u00a0eventos,\u00a0o\u00a0diretor executivo\u00a0da Sicredi Centro Oeste Paulista, Ildo Wilde, foi respons\u00e1vel por apresentar o Programa Crescer aos convidados,\u00a0uma\u00a0forma\u00e7\u00e3o gratuita e certificada\u00a0que\u00a0visa\u00a0ensinar\u00a0sobre\u00a0o\u00a0cooperativismo\u00a0e\u00a0incentivar\u00a0a\u00a0participa\u00e7\u00e3o ativa no sistema. &#8220;Para cooperar, precisamos capacitar cada envolvido com a finalidade de esclarecer todos os direitos e deveres\u00a0para\u00a0com\u00a0a\u00a0institui\u00e7\u00e3o.\u00a0A\u00a0educa\u00e7\u00e3o\u00a0\u00e9\u00a0o\u00a0que\u00a0motiva\u00a0e\u00a0sustenta\u00a0o\u00a0crescimento\u00a0coletivo e cooperativo&#8221;, explica Ildo Wilde.<\/span><span lang=\"PT\">\u00a0<\/span><\/p>\n<p class=\"v1MsoBodyText\" style=\"text-align: justify;\"><span lang=\"PT\">Ao todo, mais de 100 s\u00f3cios fundadores foram homenageados nos eventos, que contaram com a participa\u00e7\u00e3o de mais de 160 pessoas. Al\u00e9m de terem seus nomes gravados nas placas comemorativas, sob o objetivo de marcar os alicerces das ag\u00eancias para a posteridade, os s\u00f3cios tamb\u00e9m receberam miniaturas que simbolizam a estrutura da ag\u00eancia.<\/span><\/p>\n<p class=\"v1MsoNormal\" style=\"text-align: justify;\"><b><i>Sobre\u00a0o\u00a0Sicredi<\/i><\/b><b><i><\/i><\/b><\/p>\n<p class=\"v1MsoBodyText\" style=\"text-align: justify;\"><i>O\u00a0Sicredi\u00a0\u00e9\u00a0uma\u00a0institui\u00e7\u00e3o\u00a0financeira\u00a0cooperativa\u00a0comprometida\u00a0com\u00a0o\u00a0crescimento\u00a0de\u00a0seus\u00a0associados\u00a0e\u00a0com\u00a0o desenvolvimento das regi\u00f5es onde atua. Possui um modelo de gest\u00e3o que valoriza a participa\u00e7\u00e3o dos mais de 8 milh\u00f5es de associados, que exercem o papel de donos do neg\u00f3cio. Com mais de 2.700 ag\u00eancias, o Sicredi est\u00e1 presente fisicamente em todos os estados brasileiros e no Distrito Federal, disponibilizando uma gama completa de solu\u00e7\u00f5es financeiras e n\u00e3o financeiras.<\/i><i><\/i><\/p>\n<p class=\"v1MsoNormal\"><b><i>Site do Sicredi:\u00a0<a href=\"http:\/\/www.sicredi.com.br\/\" target=\"_blank\" rel=\"noopener noreferrer\">www.sicredi.com.br<\/a><\/i><\/b><\/p>\n<p class=\"v1MsoNormal\"><b><i>Redes Sociais:\u00a0<\/i><\/b><em><b><u><span lang=\"EN-US\"><a href=\"http:\/\/www.facebook.com\/sicredicentrooestepaulista\" target=\"_blank\" rel=\"noopener noreferrer\"><i><span lang=\"PT-BR\">Facebook<\/span><\/i><\/a><\/span><\/u><\/b><\/em><em>\u00a0|<\/em>\u00a0<em><b><u><span lang=\"EN-US\"><a href=\"https:\/\/www.linkedin.com\/company\/sicredi-centro-oeste-paulista\/\" target=\"_blank\" rel=\"noopener noreferrer\"><i><span lang=\"PT-BR\">LinkedIn<\/span><\/i><\/a><\/span><\/u><\/b><\/em><em>\u00a0|<\/em>\u00a0<em><b><u><span lang=\"EN-US\"><a href=\"http:\/\/www.youtube.com\/sicredicentrooestepaulista\" target=\"_blank\" rel=\"noopener noreferrer\"><i><span lang=\"PT-BR\">YouTube<\/span><\/i><\/a><\/span><\/u><\/b><\/em><span lang=\"EN-US\">\u00a0<\/span><em>|\u00a0<\/em><em><b><u><span lang=\"EN-US\"><a href=\"http:\/\/www.instagram.com\/sicredicentrooestepaulista\" target=\"_blank\" rel=\"noopener noreferrer\"><i><span lang=\"PT-BR\">Instagram<\/span><\/i><\/a><\/span><\/u><\/b><\/em><\/p>\n<p><img loading=\"lazy\" decoding=\"async\" class=\"alignnone size-full wp-image-87380\" src=\"https:\/\/jorgezanoni.com.br\/2019\/wp-content\/uploads\/2024\/06\/zz-Descerramento-da-placa-de-homenagem-aos-socios-fundadores-de-Lins-Pequeno.jpg\" alt=\"\" width=\"720\" height=\"480\" srcset=\"https:\/\/jorgezanoni.com.br\/2019\/wp-content\/uploads\/2024\/06\/zz-Descerramento-da-placa-de-homenagem-aos-socios-fundadores-de-Lins-Pequeno.jpg 720w, https:\/\/jorgezanoni.com.br\/2019\/wp-content\/uploads\/2024\/06\/zz-Descerramento-da-placa-de-homenagem-aos-socios-fundadores-de-Lins-Pequeno-300x200.jpg 300w, https:\/\/jorgezanoni.com.br\/2019\/wp-content\/uploads\/2024\/06\/zz-Descerramento-da-placa-de-homenagem-aos-socios-fundadores-de-Lins-Pequeno-696x464.jpg 696w, https:\/\/jorgezanoni.com.br\/2019\/wp-content\/uploads\/2024\/06\/zz-Descerramento-da-placa-de-homenagem-aos-socios-fundadores-de-Lins-Pequeno-630x420.jpg 630w\" sizes=\"auto, (max-width: 720px) 100vw, 720px\" \/>Descerramento da placa em homenagem aos fundadores de Lins<\/p>\n<p><img loading=\"lazy\" decoding=\"async\" class=\"alignnone size-full wp-image-87381\" src=\"https:\/\/jorgezanoni.com.br\/2019\/wp-content\/uploads\/2024\/06\/zz-Dr.-Joao-Alberto-Salvi-presidente-Pequeno.jpg\" alt=\"\" width=\"320\" height=\"480\" srcset=\"https:\/\/jorgezanoni.com.br\/2019\/wp-content\/uploads\/2024\/06\/zz-Dr.-Joao-Alberto-Salvi-presidente-Pequeno.jpg 320w, https:\/\/jorgezanoni.com.br\/2019\/wp-content\/uploads\/2024\/06\/zz-Dr.-Joao-Alberto-Salvi-presidente-Pequeno-200x300.jpg 200w, https:\/\/jorgezanoni.com.br\/2019\/wp-content\/uploads\/2024\/06\/zz-Dr.-Joao-Alberto-Salvi-presidente-Pequeno-280x420.jpg 280w\" sizes=\"auto, (max-width: 320px) 100vw, 320px\" \/>Dr. Jo\u00e3o Alberto Salvi, Presidente.<\/p>\n<p><img loading=\"lazy\" decoding=\"async\" class=\"alignnone size-full wp-image-87382\" src=\"https:\/\/jorgezanoni.com.br\/2019\/wp-content\/uploads\/2024\/06\/zz-Ildo-Wilde-diretor-executivo-durante-Programa-Crescer-Pequeno.jpg\" alt=\"\" width=\"720\" height=\"480\" srcset=\"https:\/\/jorgezanoni.com.br\/2019\/wp-content\/uploads\/2024\/06\/zz-Ildo-Wilde-diretor-executivo-durante-Programa-Crescer-Pequeno.jpg 720w, https:\/\/jorgezanoni.com.br\/2019\/wp-content\/uploads\/2024\/06\/zz-Ildo-Wilde-diretor-executivo-durante-Programa-Crescer-Pequeno-300x200.jpg 300w, https:\/\/jorgezanoni.com.br\/2019\/wp-content\/uploads\/2024\/06\/zz-Ildo-Wilde-diretor-executivo-durante-Programa-Crescer-Pequeno-696x464.jpg 696w, https:\/\/jorgezanoni.com.br\/2019\/wp-content\/uploads\/2024\/06\/zz-Ildo-Wilde-diretor-executivo-durante-Programa-Crescer-Pequeno-630x420.jpg 630w\" sizes=\"auto, (max-width: 720px) 100vw, 720px\" \/>Diretor executivo Ildo Wilder durante programa Crescer<\/p>\n<p>CAPA: Miniatura com a fachada a ag\u00eancia Santa Antonieta<\/p>\n<p>Fonte: Comunica\u00e7\u00e3o e Marketing<\/p>\n","protected":false},"excerpt":{"rendered":"<p>Eventos destacam a ades\u00e3o dos primeiros associados nas novas unidades em Agudos, Bauru, Lins e Mar\u00edlia.\u00a0 Em reconhecimento e celebra\u00e7\u00e3o aos associados fundadores das suas novas ag\u00eancias, a Sicredi Centro Oeste Paulista promoveu eventos especiais de reconhecimento. As ag\u00eancias de Agudos, Cruzeiro do Sul em Bauru, Lins e Santa Antonieta em Mar\u00edlia, receberam placas comemorativas [&hellip;]<\/p>\n","protected":false},"author":1,"featured_media":87383,"comment_status":"closed","ping_status":"open","sticky":false,"template":"","format":"standard","meta":{"footnotes":""},"categories":[110,116],"tags":[],"class_list":["post-87379","post","type-post","status-publish","format-standard","has-post-thumbnail","hentry","category-noticiasdestaque","category-politicaeeconomia"],"_links":{"self":[{"href":"https:\/\/jorgezanoni.com.br\/2019\/wp-json\/wp\/v2\/posts\/87379","targetHints":{"allow":["GET"]}}],"collection":[{"href":"https:\/\/jorgezanoni.com.br\/2019\/wp-json\/wp\/v2\/posts"}],"about":[{"href":"https:\/\/jorgezanoni.com.br\/2019\/wp-json\/wp\/v2\/types\/post"}],"author":[{"embeddable":true,"href":"https:\/\/jorgezanoni.com.br\/2019\/wp-json\/wp\/v2\/users\/1"}],"replies":[{"embeddable":true,"href":"https:\/\/jorgezanoni.com.br\/2019\/wp-json\/wp\/v2\/comments?post=87379"}],"version-history":[{"count":1,"href":"https:\/\/jorgezanoni.com.br\/2019\/wp-json\/wp\/v2\/posts\/87379\/revisions"}],"predecessor-version":[{"id":87384,"href":"https:\/\/jorgezanoni.com.br\/2019\/wp-json\/wp\/v2\/posts\/87379\/revisions\/87384"}],"wp:featuredmedia":[{"embeddable":true,"href":"https:\/\/jorgezanoni.com.br\/2019\/wp-json\/wp\/v2\/media\/87383"}],"wp:attachment":[{"href":"https:\/\/jorgezanoni.com.br\/2019\/wp-json\/wp\/v2\/media?parent=87379"}],"wp:term":[{"taxonomy":"category","embeddable":true,"href":"https:\/\/jorgezanoni.com.br\/2019\/wp-json\/wp\/v2\/categories?post=87379"},{"taxonomy":"post_tag","embeddable":true,"href":"https:\/\/jorgezanoni.com.br\/2019\/wp-json\/wp\/v2\/tags?post=87379"}],"curies":[{"name":"wp","href":"https:\/\/api.w.org\/{rel}","templated":true}]}}