{"id":87350,"date":"2024-06-24T22:24:34","date_gmt":"2024-06-24T22:24:34","guid":{"rendered":"https:\/\/jorgezanoni.com.br\/2019\/?p=87350"},"modified":"2024-06-24T22:25:19","modified_gmt":"2024-06-24T22:25:19","slug":"jovem-e-presa-apos-esfaquear-escrituraria-ameacar-conselehira-tutelar-de-morte-e-danificar-moveis-em-dracena","status":"publish","type":"post","link":"https:\/\/jorgezanoni.com.br\/2019\/jovem-e-presa-apos-esfaquear-escrituraria-ameacar-conselehira-tutelar-de-morte-e-danificar-moveis-em-dracena\/","title":{"rendered":"Jovem \u00e9 presa ap\u00f3s esfaquear escritur\u00e1ria, amea\u00e7ar conselheira tutelar de morte e danificar m\u00f3veis em Dracena"},"content":{"rendered":"<h2 style=\"text-align: justify;\"><strong>Jovem de 21 anos dava cabe\u00e7adas na viatura ap\u00f3s ser presa e algemada ainda no local. Foi solicitado procedimento para investigar suspeita de insanidade mensal.<\/strong><\/h2>\n<h2 class=\"content-head__subtitle\" style=\"text-align: justify;\">Uma servidora municipal, de 45 anos, foi esfaqueada no ombro por uma jovem, de 21 anos, enquanto trabalhava, na manh\u00e3 desta segunda-feira (24), na sede do Conselho Tutelar de\u00a0<a class=\"\" href=\"https:\/\/g1.globo.com\/sp\/presidente-prudente-regiao\/cidade\/dracena\/\" data-mrf-link=\"https:\/\/g1.globo.com\/sp\/presidente-prudente-regiao\/cidade\/dracena\/\">Dracena (SP)<\/a>, localizada na Vila Barros. A suspeita foi presa em flagrante.<\/h2>\n<p style=\"text-align: justify;\">O poder p\u00fablico informou que, al\u00e9m da viol\u00eancia praticada contra a escritur\u00e1ria, a investigada danificou v\u00e1rios equipamentos do local, dentre eles um bebedouro, um telefone fixo, quatro computadores e os retrovisores do ve\u00edculo oficial do \u00f3rg\u00e3o, segundo a Pol\u00edcia Civil.<\/p>\n<p style=\"text-align: justify;\">Na ocasi\u00e3o, uma conselheira tutelar, de 56 anos, tamb\u00e9m foi amea\u00e7ada de morte pela indiciada. A per\u00edcia foi acionada.<\/p>\n<p style=\"text-align: justify;\">\u201cEst\u00e1 sendo feito o levantamento dos danos\u201d, ressaltou o Poder Executivo.<\/p>\n<div id=\"chunk-e6bij\" style=\"text-align: justify;\">\n<div class=\"mc-column content-text active-extra-styles \" data-block-type=\"unstyled\" data-block-weight=\"37\" data-block-id=\"10\">\n<p class=\" content-text__container \" data-track-category=\"Link no Texto\" data-track-links=\"\" data-mrf-recirculation=\"Article links\">A v\u00edtima foi socorrida pelo Corpo de Bombeiros e encaminhada ao Pronto Atendimento Municipal (PAM) com ferimentos leves, de acordo com a corpora\u00e7\u00e3o. No local, a servidora e o restante da equipe receberam atendimento m\u00e9dico e psicol\u00f3gico.<\/p>\n<\/div>\n<\/div>\n<div id=\"chunk-bsqci\">\n<div class=\"mc-column content-text active-extra-styles \" data-block-type=\"unstyled\" data-block-weight=\"21\" data-block-id=\"11\">\n<p class=\" content-text__container \" style=\"text-align: justify;\" data-track-category=\"Link no Texto\" data-track-links=\"\" data-mrf-recirculation=\"Article links\">Diante da situa\u00e7\u00e3o, a sede do Conselho Tutelar estar\u00e1 fechada, na tarde desta segunda-feira, para manuten\u00e7\u00e3o e troca dos equipamentos destru\u00eddos.<\/p>\n<p style=\"text-align: justify;\" data-track-category=\"Link no Texto\" data-track-links=\"\" data-mrf-recirculation=\"Article links\">\u201cImportante frisar que ser\u00e3o estudadas medidas para melhorar a seguran\u00e7a no atendimento do local\u201d, finalizou a Prefeitura.<\/p>\n<div id=\"chunk-1im72\" style=\"text-align: justify;\">\n<div class=\"mc-column content-text active-extra-styles\" data-block-type=\"raw\" data-block-weight=\"1\" data-block-id=\"15\">\n<div class=\"content-intertitle\">\n<h2>Flagrante<\/h2>\n<\/div>\n<\/div>\n<\/div>\n<div id=\"chunk-c3ohs\" style=\"text-align: justify;\">\n<div class=\"mc-column content-text active-extra-styles \" data-block-type=\"unstyled\" data-block-weight=\"48\" data-block-id=\"16\">\n<p class=\" content-text__container \" data-track-category=\"Link no Texto\" data-track-links=\"\" data-mrf-recirculation=\"Article links\">A Pol\u00edcia Militar foi acionada por volta das 10h20 e, quando chegou \u00e0 sede do \u00f3rg\u00e3o, encontrou a jovem \u201calterada, agressiva e portando uma faca\u201d; ela foi contida por pessoas que estavam no local. J\u00e1 na viatura policial, mesmo algemada, \u201cdava cabe\u00e7adas no ve\u00edculo\u201d. A faca foi apreendida.<\/p>\n<\/div>\n<\/div>\n<div id=\"chunk-58t24\" style=\"text-align: justify;\">\n<div class=\"mc-column content-text active-extra-styles \" data-block-type=\"unstyled\" data-block-weight=\"29\" data-block-id=\"17\">\n<p class=\" content-text__container \" data-track-category=\"Link no Texto\" data-track-links=\"\" data-mrf-recirculation=\"Article links\">A suspeita foi presa em flagrante e encaminhada at\u00e9 a delegacia, onde n\u00e3o prestou depoimento por estar \u201cbastante alterada emocionalmente, inclusive, gritando da cela do plant\u00e3o\u201d, conforme a pol\u00edcia.<\/p>\n<\/div>\n<\/div>\n<div id=\"chunk-g8k3\">\n<div class=\"mc-column content-text active-extra-styles \" data-block-type=\"unstyled\" data-block-weight=\"19\" data-block-id=\"18\">\n<p class=\" content-text__container \" style=\"text-align: justify;\" data-track-category=\"Link no Texto\" data-track-links=\"\" data-mrf-recirculation=\"Article links\">Ela foi indiciada por dano contra o patrim\u00f4nio, les\u00e3o corporal, amea\u00e7a e por impedir a a\u00e7\u00e3o de autoridade judici\u00e1ria.<\/p>\n<p style=\"text-align: justify;\" data-track-category=\"Link no Texto\" data-track-links=\"\" data-mrf-recirculation=\"Article links\">A causa do ocorrido ainda \u00e9 desconhecida, conforme a Secretaria Municipal de Desenvolvimento Social.<\/p>\n<div id=\"chunk-4eigi\" style=\"text-align: justify;\">\n<div class=\"mc-column content-text active-extra-styles \" data-block-type=\"unstyled\" data-block-weight=\"34\" data-block-id=\"22\">\n<p class=\" content-text__container \" data-track-category=\"Link no Texto\" data-track-links=\"\" data-mrf-recirculation=\"Article links\">O delegado Cleber Augusto Batista decidiu n\u00e3o arbitrar fian\u00e7a em raz\u00e3o da somat\u00f3ria das penas dos crimes investigados e tamb\u00e9m por entender que o caso preenche os requisitos de uma eventual pris\u00e3o preventiva.<\/p>\n<\/div>\n<\/div>\n<div id=\"chunk-e3r6n\">\n<div class=\"mc-column content-text active-extra-styles \" data-block-type=\"unstyled\" data-block-weight=\"37\" data-block-id=\"23\">\n<p class=\" content-text__container \" style=\"text-align: justify;\" data-track-category=\"Link no Texto\" data-track-links=\"\" data-mrf-recirculation=\"Article links\">Ele ainda pediu \u00e0 Justi\u00e7a a instaura\u00e7\u00e3o de um procedimento para investigar a suspeita de insanidade mental da envolvida. Ela permanece presa, \u00e0 disposi\u00e7\u00e3o do Poder Judici\u00e1rio, at\u00e9 a realiza\u00e7\u00e3o da audi\u00eancia de cust\u00f3dia, nesta ter\u00e7a-feira (25).<\/p>\n<p data-track-category=\"Link no Texto\" data-track-links=\"\" data-mrf-recirculation=\"Article links\"><img loading=\"lazy\" decoding=\"async\" class=\"alignnone size-full wp-image-87353\" src=\"https:\/\/jorgezanoni.com.br\/2019\/wp-content\/uploads\/2024\/06\/faca-3-Pequeno.jpg\" alt=\"\" width=\"640\" height=\"480\" srcset=\"https:\/\/jorgezanoni.com.br\/2019\/wp-content\/uploads\/2024\/06\/faca-3-Pequeno.jpg 640w, https:\/\/jorgezanoni.com.br\/2019\/wp-content\/uploads\/2024\/06\/faca-3-Pequeno-300x225.jpg 300w, https:\/\/jorgezanoni.com.br\/2019\/wp-content\/uploads\/2024\/06\/faca-3-Pequeno-80x60.jpg 80w, https:\/\/jorgezanoni.com.br\/2019\/wp-content\/uploads\/2024\/06\/faca-3-Pequeno-265x198.jpg 265w, https:\/\/jorgezanoni.com.br\/2019\/wp-content\/uploads\/2024\/06\/faca-3-Pequeno-560x420.jpg 560w\" sizes=\"auto, (max-width: 640px) 100vw, 640px\" \/> <img loading=\"lazy\" decoding=\"async\" class=\"alignnone size-full wp-image-87354\" src=\"https:\/\/jorgezanoni.com.br\/2019\/wp-content\/uploads\/2024\/06\/faca3-Pequeno.jpg\" alt=\"\" width=\"360\" height=\"480\" srcset=\"https:\/\/jorgezanoni.com.br\/2019\/wp-content\/uploads\/2024\/06\/faca3-Pequeno.jpg 360w, https:\/\/jorgezanoni.com.br\/2019\/wp-content\/uploads\/2024\/06\/faca3-Pequeno-225x300.jpg 225w, https:\/\/jorgezanoni.com.br\/2019\/wp-content\/uploads\/2024\/06\/faca3-Pequeno-315x420.jpg 315w\" sizes=\"auto, (max-width: 360px) 100vw, 360px\" \/> <img loading=\"lazy\" decoding=\"async\" class=\"alignnone size-full wp-image-87355\" src=\"https:\/\/jorgezanoni.com.br\/2019\/wp-content\/uploads\/2024\/06\/faca4-Pequeno.jpg\" alt=\"\" width=\"360\" height=\"480\" srcset=\"https:\/\/jorgezanoni.com.br\/2019\/wp-content\/uploads\/2024\/06\/faca4-Pequeno.jpg 360w, https:\/\/jorgezanoni.com.br\/2019\/wp-content\/uploads\/2024\/06\/faca4-Pequeno-225x300.jpg 225w, https:\/\/jorgezanoni.com.br\/2019\/wp-content\/uploads\/2024\/06\/faca4-Pequeno-315x420.jpg 315w\" sizes=\"auto, (max-width: 360px) 100vw, 360px\" \/> <img loading=\"lazy\" decoding=\"async\" class=\"alignnone size-full wp-image-87356\" src=\"https:\/\/jorgezanoni.com.br\/2019\/wp-content\/uploads\/2024\/06\/faca5-Pequeno.jpg\" alt=\"\" width=\"360\" height=\"480\" srcset=\"https:\/\/jorgezanoni.com.br\/2019\/wp-content\/uploads\/2024\/06\/faca5-Pequeno.jpg 360w, https:\/\/jorgezanoni.com.br\/2019\/wp-content\/uploads\/2024\/06\/faca5-Pequeno-225x300.jpg 225w, https:\/\/jorgezanoni.com.br\/2019\/wp-content\/uploads\/2024\/06\/faca5-Pequeno-315x420.jpg 315w\" sizes=\"auto, (max-width: 360px) 100vw, 360px\" \/> <img loading=\"lazy\" decoding=\"async\" class=\"alignnone size-full wp-image-87357\" src=\"https:\/\/jorgezanoni.com.br\/2019\/wp-content\/uploads\/2024\/06\/faca6-Pequeno.jpg\" alt=\"\" width=\"360\" height=\"480\" srcset=\"https:\/\/jorgezanoni.com.br\/2019\/wp-content\/uploads\/2024\/06\/faca6-Pequeno.jpg 360w, https:\/\/jorgezanoni.com.br\/2019\/wp-content\/uploads\/2024\/06\/faca6-Pequeno-225x300.jpg 225w, https:\/\/jorgezanoni.com.br\/2019\/wp-content\/uploads\/2024\/06\/faca6-Pequeno-315x420.jpg 315w\" sizes=\"auto, (max-width: 360px) 100vw, 360px\" \/> <img loading=\"lazy\" decoding=\"async\" class=\"alignnone size-full wp-image-87358\" src=\"https:\/\/jorgezanoni.com.br\/2019\/wp-content\/uploads\/2024\/06\/faca7-Pequeno.jpg\" alt=\"\" width=\"360\" height=\"480\" srcset=\"https:\/\/jorgezanoni.com.br\/2019\/wp-content\/uploads\/2024\/06\/faca7-Pequeno.jpg 360w, https:\/\/jorgezanoni.com.br\/2019\/wp-content\/uploads\/2024\/06\/faca7-Pequeno-225x300.jpg 225w, https:\/\/jorgezanoni.com.br\/2019\/wp-content\/uploads\/2024\/06\/faca7-Pequeno-315x420.jpg 315w\" sizes=\"auto, (max-width: 360px) 100vw, 360px\" \/> <img loading=\"lazy\" decoding=\"async\" class=\"alignnone size-full wp-image-87359\" src=\"https:\/\/jorgezanoni.com.br\/2019\/wp-content\/uploads\/2024\/06\/faca8-Pequeno.jpg\" alt=\"\" width=\"360\" height=\"480\" srcset=\"https:\/\/jorgezanoni.com.br\/2019\/wp-content\/uploads\/2024\/06\/faca8-Pequeno.jpg 360w, https:\/\/jorgezanoni.com.br\/2019\/wp-content\/uploads\/2024\/06\/faca8-Pequeno-225x300.jpg 225w, https:\/\/jorgezanoni.com.br\/2019\/wp-content\/uploads\/2024\/06\/faca8-Pequeno-315x420.jpg 315w\" sizes=\"auto, (max-width: 360px) 100vw, 360px\" \/><\/p>\n<p data-track-category=\"Link no Texto\" data-track-links=\"\" data-mrf-recirculation=\"Article links\">Texto: G1<\/p>\n<p data-track-category=\"Link no Texto\" data-track-links=\"\" data-mrf-recirculation=\"Article links\">Fotos: Jorge Zanoni e Gustavo Oliveira<\/p>\n<\/div>\n<\/div>\n<\/div>\n<\/div>\n<\/div>\n<\/div>\n<h1 class=\"content-head__title\"><\/h1>\n","protected":false},"excerpt":{"rendered":"<p>Jovem de 21 anos dava cabe\u00e7adas na viatura ap\u00f3s ser presa e algemada ainda no local. Foi solicitado procedimento para investigar suspeita de insanidade mensal. Uma servidora municipal, de 45 anos, foi esfaqueada no ombro por uma jovem, de 21 anos, enquanto trabalhava, na manh\u00e3 desta segunda-feira (24), na sede do Conselho Tutelar de\u00a0Dracena (SP), [&hellip;]<\/p>\n","protected":false},"author":1,"featured_media":87352,"comment_status":"closed","ping_status":"open","sticky":false,"template":"","format":"standard","meta":{"footnotes":""},"categories":[110,2],"tags":[],"class_list":["post-87350","post","type-post","status-publish","format-standard","has-post-thumbnail","hentry","category-noticiasdestaque","category-policial"],"_links":{"self":[{"href":"https:\/\/jorgezanoni.com.br\/2019\/wp-json\/wp\/v2\/posts\/87350","targetHints":{"allow":["GET"]}}],"collection":[{"href":"https:\/\/jorgezanoni.com.br\/2019\/wp-json\/wp\/v2\/posts"}],"about":[{"href":"https:\/\/jorgezanoni.com.br\/2019\/wp-json\/wp\/v2\/types\/post"}],"author":[{"embeddable":true,"href":"https:\/\/jorgezanoni.com.br\/2019\/wp-json\/wp\/v2\/users\/1"}],"replies":[{"embeddable":true,"href":"https:\/\/jorgezanoni.com.br\/2019\/wp-json\/wp\/v2\/comments?post=87350"}],"version-history":[{"count":2,"href":"https:\/\/jorgezanoni.com.br\/2019\/wp-json\/wp\/v2\/posts\/87350\/revisions"}],"predecessor-version":[{"id":87361,"href":"https:\/\/jorgezanoni.com.br\/2019\/wp-json\/wp\/v2\/posts\/87350\/revisions\/87361"}],"wp:featuredmedia":[{"embeddable":true,"href":"https:\/\/jorgezanoni.com.br\/2019\/wp-json\/wp\/v2\/media\/87352"}],"wp:attachment":[{"href":"https:\/\/jorgezanoni.com.br\/2019\/wp-json\/wp\/v2\/media?parent=87350"}],"wp:term":[{"taxonomy":"category","embeddable":true,"href":"https:\/\/jorgezanoni.com.br\/2019\/wp-json\/wp\/v2\/categories?post=87350"},{"taxonomy":"post_tag","embeddable":true,"href":"https:\/\/jorgezanoni.com.br\/2019\/wp-json\/wp\/v2\/tags?post=87350"}],"curies":[{"name":"wp","href":"https:\/\/api.w.org\/{rel}","templated":true}]}}