{"id":87343,"date":"2024-06-24T21:24:16","date_gmt":"2024-06-24T21:24:16","guid":{"rendered":"https:\/\/jorgezanoni.com.br\/2019\/?p=87343"},"modified":"2024-06-24T21:24:16","modified_gmt":"2024-06-24T21:24:16","slug":"acidente-entre-carro-e-moto-deixa-mulher-ferida-em-dracena-2","status":"publish","type":"post","link":"https:\/\/jorgezanoni.com.br\/2019\/acidente-entre-carro-e-moto-deixa-mulher-ferida-em-dracena-2\/","title":{"rendered":"Acidente entre carro e moto deixa mulher ferida em Dracena"},"content":{"rendered":"<p style=\"text-align: justify;\"><strong>Acidente aconteceu na manh\u00e3 desta segunda-feira (24) na esquina das Ruas Edison da Silveira Campos com Euclides da Cunha.<\/strong><\/p>\n<p style=\"text-align: justify;\">Segundo informa\u00e7\u00f5es obtidas no local pela reportagem do SITE JZ e TOP TV, uma moto placas de Dracena pilotada por uma mulher de 34 anos, descia pela Edison (via preferencial), quando teve sua frente interceptada por um ve\u00edculo Fox placas de Dracena, dirigido por idoso que fazia o sentido centro-bairro pela Euclides.<\/p>\n<p style=\"text-align: justify;\">Com o forte impacto da batida, a mulher caiu ao solo e teve uma das pernas fraturadas.<\/p>\n<p style=\"text-align: justify;\">Uma Equipe de Resgate do Corpo de Bombeiros socorreu a mulher at\u00e9 o Pronto Atendimento Municipal.<\/p>\n<p style=\"text-align: justify;\">Pol\u00edcia Militar e Pol\u00edcia T\u00e9cnica estiveram no local para levantamentos de dados e concluir como se deu o acidente.<\/p>\n<p><img loading=\"lazy\" decoding=\"async\" class=\"alignnone size-full wp-image-87344\" src=\"https:\/\/jorgezanoni.com.br\/2019\/wp-content\/uploads\/2024\/06\/IMG_0852-1-Pequeno.jpg\" alt=\"\" width=\"502\" height=\"480\" srcset=\"https:\/\/jorgezanoni.com.br\/2019\/wp-content\/uploads\/2024\/06\/IMG_0852-1-Pequeno.jpg 502w, https:\/\/jorgezanoni.com.br\/2019\/wp-content\/uploads\/2024\/06\/IMG_0852-1-Pequeno-300x287.jpg 300w, https:\/\/jorgezanoni.com.br\/2019\/wp-content\/uploads\/2024\/06\/IMG_0852-1-Pequeno-439x420.jpg 439w\" sizes=\"auto, (max-width: 502px) 100vw, 502px\" \/> <img loading=\"lazy\" decoding=\"async\" class=\"alignnone size-full wp-image-87345\" src=\"https:\/\/jorgezanoni.com.br\/2019\/wp-content\/uploads\/2024\/06\/IMG_0853-1-Pequeno.jpg\" alt=\"\" width=\"697\" height=\"480\" srcset=\"https:\/\/jorgezanoni.com.br\/2019\/wp-content\/uploads\/2024\/06\/IMG_0853-1-Pequeno.jpg 697w, https:\/\/jorgezanoni.com.br\/2019\/wp-content\/uploads\/2024\/06\/IMG_0853-1-Pequeno-300x207.jpg 300w, https:\/\/jorgezanoni.com.br\/2019\/wp-content\/uploads\/2024\/06\/IMG_0853-1-Pequeno-100x70.jpg 100w, https:\/\/jorgezanoni.com.br\/2019\/wp-content\/uploads\/2024\/06\/IMG_0853-1-Pequeno-218x150.jpg 218w, https:\/\/jorgezanoni.com.br\/2019\/wp-content\/uploads\/2024\/06\/IMG_0853-1-Pequeno-610x420.jpg 610w\" sizes=\"auto, (max-width: 697px) 100vw, 697px\" \/> <img loading=\"lazy\" decoding=\"async\" class=\"alignnone size-full wp-image-87347\" src=\"https:\/\/jorgezanoni.com.br\/2019\/wp-content\/uploads\/2024\/06\/IMG_0855-1-Pequeno.jpg\" alt=\"\" width=\"720\" height=\"480\" srcset=\"https:\/\/jorgezanoni.com.br\/2019\/wp-content\/uploads\/2024\/06\/IMG_0855-1-Pequeno.jpg 720w, https:\/\/jorgezanoni.com.br\/2019\/wp-content\/uploads\/2024\/06\/IMG_0855-1-Pequeno-300x200.jpg 300w, https:\/\/jorgezanoni.com.br\/2019\/wp-content\/uploads\/2024\/06\/IMG_0855-1-Pequeno-696x464.jpg 696w, https:\/\/jorgezanoni.com.br\/2019\/wp-content\/uploads\/2024\/06\/IMG_0855-1-Pequeno-630x420.jpg 630w\" sizes=\"auto, (max-width: 720px) 100vw, 720px\" \/> <img loading=\"lazy\" decoding=\"async\" class=\"alignnone size-full wp-image-87348\" src=\"https:\/\/jorgezanoni.com.br\/2019\/wp-content\/uploads\/2024\/06\/IMG_0856-1-Pequeno.jpg\" alt=\"\" width=\"777\" height=\"480\" srcset=\"https:\/\/jorgezanoni.com.br\/2019\/wp-content\/uploads\/2024\/06\/IMG_0856-1-Pequeno.jpg 777w, https:\/\/jorgezanoni.com.br\/2019\/wp-content\/uploads\/2024\/06\/IMG_0856-1-Pequeno-300x185.jpg 300w, https:\/\/jorgezanoni.com.br\/2019\/wp-content\/uploads\/2024\/06\/IMG_0856-1-Pequeno-768x474.jpg 768w, https:\/\/jorgezanoni.com.br\/2019\/wp-content\/uploads\/2024\/06\/IMG_0856-1-Pequeno-356x220.jpg 356w, https:\/\/jorgezanoni.com.br\/2019\/wp-content\/uploads\/2024\/06\/IMG_0856-1-Pequeno-696x430.jpg 696w, https:\/\/jorgezanoni.com.br\/2019\/wp-content\/uploads\/2024\/06\/IMG_0856-1-Pequeno-680x420.jpg 680w\" sizes=\"auto, (max-width: 777px) 100vw, 777px\" \/><\/p>\n<p>Jorge Zanoni<\/p>\n<p>&nbsp;<\/p>\n","protected":false},"excerpt":{"rendered":"<p>Acidente aconteceu na manh\u00e3 desta segunda-feira (24) na esquina das Ruas Edison da Silveira Campos com Euclides da Cunha. Segundo informa\u00e7\u00f5es obtidas no local pela reportagem do SITE JZ e TOP TV, uma moto placas de Dracena pilotada por uma mulher de 34 anos, descia pela Edison (via preferencial), quando teve sua frente interceptada por [&hellip;]<\/p>\n","protected":false},"author":1,"featured_media":87346,"comment_status":"closed","ping_status":"open","sticky":false,"template":"","format":"standard","meta":{"footnotes":""},"categories":[170,110],"tags":[],"class_list":["post-87343","post","type-post","status-publish","format-standard","has-post-thumbnail","hentry","category-acidentes","category-noticiasdestaque"],"_links":{"self":[{"href":"https:\/\/jorgezanoni.com.br\/2019\/wp-json\/wp\/v2\/posts\/87343","targetHints":{"allow":["GET"]}}],"collection":[{"href":"https:\/\/jorgezanoni.com.br\/2019\/wp-json\/wp\/v2\/posts"}],"about":[{"href":"https:\/\/jorgezanoni.com.br\/2019\/wp-json\/wp\/v2\/types\/post"}],"author":[{"embeddable":true,"href":"https:\/\/jorgezanoni.com.br\/2019\/wp-json\/wp\/v2\/users\/1"}],"replies":[{"embeddable":true,"href":"https:\/\/jorgezanoni.com.br\/2019\/wp-json\/wp\/v2\/comments?post=87343"}],"version-history":[{"count":1,"href":"https:\/\/jorgezanoni.com.br\/2019\/wp-json\/wp\/v2\/posts\/87343\/revisions"}],"predecessor-version":[{"id":87349,"href":"https:\/\/jorgezanoni.com.br\/2019\/wp-json\/wp\/v2\/posts\/87343\/revisions\/87349"}],"wp:featuredmedia":[{"embeddable":true,"href":"https:\/\/jorgezanoni.com.br\/2019\/wp-json\/wp\/v2\/media\/87346"}],"wp:attachment":[{"href":"https:\/\/jorgezanoni.com.br\/2019\/wp-json\/wp\/v2\/media?parent=87343"}],"wp:term":[{"taxonomy":"category","embeddable":true,"href":"https:\/\/jorgezanoni.com.br\/2019\/wp-json\/wp\/v2\/categories?post=87343"},{"taxonomy":"post_tag","embeddable":true,"href":"https:\/\/jorgezanoni.com.br\/2019\/wp-json\/wp\/v2\/tags?post=87343"}],"curies":[{"name":"wp","href":"https:\/\/api.w.org\/{rel}","templated":true}]}}