{"id":87217,"date":"2024-06-19T01:33:17","date_gmt":"2024-06-19T01:33:17","guid":{"rendered":"https:\/\/jorgezanoni.com.br\/2019\/?p=87217"},"modified":"2024-06-19T01:33:17","modified_gmt":"2024-06-19T01:33:17","slug":"quarup-muito-alem-de-antonio-callado","status":"publish","type":"post","link":"https:\/\/jorgezanoni.com.br\/2019\/quarup-muito-alem-de-antonio-callado\/","title":{"rendered":"QUARUP: Muito al\u00e9m de Ant\u00f4nio Callado&#8230;"},"content":{"rendered":"<p style=\"text-align: justify;\"><strong><em>\u201cA Hist\u00f3ria tem como pano de fundo o conturbado momento da vida brasileira representado pelo final da d\u00e9cada de 60, quando foi escrito e lan\u00e7ado este t\u00edtulo definitivamente consagrado pela cr\u00edtica.\u201d (contra capa do Livro\/ENF)<\/em><\/strong><\/p>\n<p style=\"text-align: justify;\"><strong>By seb@r.<\/strong><\/p>\n<p style=\"text-align: justify;\">Daquele MOSTEIRO que se perdeu nas muitas EST\u00d3RIAS daquela IGREJA, ainda, para ficar apenas distante de tudo e de todos\/as, depois, muitas ANDAN\u00c7AS capital federal deste PA\u00cdS DO FAZ DE CONTA nos denominados anos de GV-Get\u00falio Vargas, tamb\u00e9m, conhecido como PAI DOS POBRES&#8230;<\/p>\n<p style=\"text-align: justify;\">Depois disto e mais aquilo, NANDO se mandou para o XIMGU tal qual uma TERRA PROMETIDA, antes, andou deste lado e foi para o outro lado em busca do seu EU para muitos PRAZERES por debaixo da BATINA&#8230;<\/p>\n<p style=\"text-align: justify;\">Em terras IND\u00cdGENAS, tamb\u00e9m, SOBREVIVENDO com aquele GRUPO de interessados na PROTE\u00c7\u00c3O, ou seja, um tanto quando duvidosa dos DONOS DA TERRA, pode-se considerar que NANDO sempre esteve al\u00e9m do TEMPO do seu TEMPO&#8230;<\/p>\n<p style=\"text-align: justify;\">Entretanto, com o GOLPE MILITAR e todas aquelas MUDAN\u00c7AS PARA PIOR que ocorreram nos denominados ANOS DE CHUMBO, muitas possibilidades para um dos lados, todavia, para o outro lado, ou seja, do NANDO, deve-se levar em conta aquele dito popular, a saber: SE VOC\u00ca PENSA QUE T\u00c1 RUIM, PODE PIORAR&#8230;<\/p>\n<p style=\"text-align: justify;\">Desta forma que pode ser de outra forma, QUARUP de ANTONIO CALLADO, 15\u00aa. Impress\u00e3o, Editora Nova Fronteira, 12\u00aa. Edi\u00e7\u00e3o, RJ, 1.984, 601 pp&#8230;<\/p>\n<p style=\"text-align: justify;\">Tal REFLEX\u00c3O por meio destas P\u00c1GINAS escritas pelo MESTRE CALLADO, proporciona muitos DESENCONTROS com a HIST\u00d3RIA por meio de outras EST\u00d3RIAS&#8230;<\/p>\n<p style=\"text-align: justify;\">Al\u00e9m de que o CEN\u00c1RIO LITER\u00c1RIO destaca uma APROXIMA\u00c7\u00c3O mais do que interessante com os PERSONAGENS, ainda, tendo NANDO como precursor destes momentos de PAIX\u00c3O e REPRESS\u00c3O, aqui, vai depende de cada OLHAR do\/a LEITOR\/A&#8230;<\/p>\n<p style=\"text-align: justify;\">Das terras do XINGU e chegando em terras NODESTINAS para estar em SINTONIA com as LIGAS CAMPONESAS naqueles anos mais do que CONTURBADOS para aqueles\/as que acreditavam em um PA\u00cdS com P\u00c3O e LIBERDADE&#8230;<\/p>\n<p style=\"text-align: justify;\">Dos bons e velhos tempos do OSS\u00c1RIO, revivendo o ET\u00c9R, al\u00e9m daquela MA\u00c7\u00c3 e a ORQU\u00cdDEA, bem como, a PALAVRA e a PRAIA, todavia, fechando com o MUNDO DE FRANCISCA&#8230;<\/p>\n<p style=\"text-align: justify;\">Mesmo assim, deve-se considerar que apenas quem estiver viajando nestas P\u00c1GINAS vai saber por onde sair ou entrar, dependendo sempre das ESCOLHAS que ocorrer em nome desta ou daquela BANDEIRA, por\u00e9m, a LIBERDADE deve estar acima de tudo e de todos\/as&#8230;<\/p>\n<p><strong>&#8212;&#8212;&#8212;&#8212;&#8212;&#8212;&#8212;&#8212;&#8212;&#8212;&#8212;&#8212;&#8212;&#8212;&#8212;&#8212;&#8212;&#8212;&#8212;&#8212;&#8211;<\/strong><\/p>\n<p><strong>e-mail: <\/strong><a href=\"mailto:barbosa.sebar@gmail.com\"><strong>barbosa.sebar@gmail.com<\/strong><\/a><\/p>\n<p><strong>\u00a0 <\/strong><\/p>\n<p><strong>\u00a0 <\/strong><\/p>\n<p><strong>\u00a0\u00a0 <\/strong><\/p>\n<p>&nbsp;<\/p>\n","protected":false},"excerpt":{"rendered":"<p>\u201cA Hist\u00f3ria tem como pano de fundo o conturbado momento da vida brasileira representado pelo final da d\u00e9cada de 60, quando foi escrito e lan\u00e7ado este t\u00edtulo definitivamente consagrado pela cr\u00edtica.\u201d (contra capa do Livro\/ENF) By seb@r. Daquele MOSTEIRO que se perdeu nas muitas EST\u00d3RIAS daquela IGREJA, ainda, para ficar apenas distante de tudo e [&hellip;]<\/p>\n","protected":false},"author":1,"featured_media":87218,"comment_status":"closed","ping_status":"open","sticky":false,"template":"","format":"standard","meta":{"footnotes":""},"categories":[175],"tags":[],"class_list":["post-87217","post","type-post","status-publish","format-standard","has-post-thumbnail","hentry","category-artigos"],"_links":{"self":[{"href":"https:\/\/jorgezanoni.com.br\/2019\/wp-json\/wp\/v2\/posts\/87217","targetHints":{"allow":["GET"]}}],"collection":[{"href":"https:\/\/jorgezanoni.com.br\/2019\/wp-json\/wp\/v2\/posts"}],"about":[{"href":"https:\/\/jorgezanoni.com.br\/2019\/wp-json\/wp\/v2\/types\/post"}],"author":[{"embeddable":true,"href":"https:\/\/jorgezanoni.com.br\/2019\/wp-json\/wp\/v2\/users\/1"}],"replies":[{"embeddable":true,"href":"https:\/\/jorgezanoni.com.br\/2019\/wp-json\/wp\/v2\/comments?post=87217"}],"version-history":[{"count":1,"href":"https:\/\/jorgezanoni.com.br\/2019\/wp-json\/wp\/v2\/posts\/87217\/revisions"}],"predecessor-version":[{"id":87219,"href":"https:\/\/jorgezanoni.com.br\/2019\/wp-json\/wp\/v2\/posts\/87217\/revisions\/87219"}],"wp:featuredmedia":[{"embeddable":true,"href":"https:\/\/jorgezanoni.com.br\/2019\/wp-json\/wp\/v2\/media\/87218"}],"wp:attachment":[{"href":"https:\/\/jorgezanoni.com.br\/2019\/wp-json\/wp\/v2\/media?parent=87217"}],"wp:term":[{"taxonomy":"category","embeddable":true,"href":"https:\/\/jorgezanoni.com.br\/2019\/wp-json\/wp\/v2\/categories?post=87217"},{"taxonomy":"post_tag","embeddable":true,"href":"https:\/\/jorgezanoni.com.br\/2019\/wp-json\/wp\/v2\/tags?post=87217"}],"curies":[{"name":"wp","href":"https:\/\/api.w.org\/{rel}","templated":true}]}}