{"id":87212,"date":"2024-06-18T01:54:21","date_gmt":"2024-06-18T01:54:21","guid":{"rendered":"https:\/\/jorgezanoni.com.br\/2019\/?p=87212"},"modified":"2024-06-18T01:54:21","modified_gmt":"2024-06-18T01:54:21","slug":"acidente-entre-carro-e-moto-deixa-mulher-ferida-em-esquina-com-semaforo-no-jardim-brasilandia","status":"publish","type":"post","link":"https:\/\/jorgezanoni.com.br\/2019\/acidente-entre-carro-e-moto-deixa-mulher-ferida-em-esquina-com-semaforo-no-jardim-brasilandia\/","title":{"rendered":"Acidente entre carro e moto deixa mulher ferida em esquina com sem\u00e1foro no Jardim Brasil\u00e2ndia"},"content":{"rendered":"<p style=\"text-align: justify;\"><strong>Batida aconteceu na esquina das Ruas A\u00e9cio de F\u00e9o Flora com Osvaldo Paulino dos Santos, na manh\u00e3 desta segunda-feira (17), no Jardim Brasil\u00e2ndia em Dracena.<\/strong><\/p>\n<p style=\"text-align: justify;\">Segundo informa\u00e7\u00f5es obtidas no local pela reportagem do SITE JZ e TOP TV., um ve\u00edculo Gol, placas de Dracena, dirigido por um idoso, fazia o sentido bairro-AABB pela A\u00e9cio de F\u00e9o Flora e a motocicleta placa mercosul pilotada por uma moto-taxista fazia o sentido centro-bairro pela Osvaldo Paulino dos Santos.<\/p>\n<p style=\"text-align: justify;\">Com o impacto da batida, a condutora da moto caiu ao solo e acabou tendo duas fraturas em uma das pernas. Ainda havia outra senhora na garupa que n\u00e3o se feriu. O motorista tamb\u00e9m saiu ileso.<\/p>\n<p style=\"text-align: justify;\">Uma Unidade de Resgate do Corpo de Bombeiros socorreu a mulher at\u00e9 o Pronto Atendimento Municipal.<\/p>\n<p style=\"text-align: justify;\">As Pol\u00edcias Militar e T\u00e9cnica compareceram ao local para os levantamentos necess\u00e1rios e as causas do acidente ser\u00e3o apuradas.<\/p>\n<p><img loading=\"lazy\" decoding=\"async\" class=\"alignnone size-full wp-image-87214\" src=\"https:\/\/jorgezanoni.com.br\/2019\/wp-content\/uploads\/2024\/06\/IMG_0733-Pequeno.jpg\" alt=\"\" width=\"640\" height=\"480\" srcset=\"https:\/\/jorgezanoni.com.br\/2019\/wp-content\/uploads\/2024\/06\/IMG_0733-Pequeno.jpg 640w, https:\/\/jorgezanoni.com.br\/2019\/wp-content\/uploads\/2024\/06\/IMG_0733-Pequeno-300x225.jpg 300w, https:\/\/jorgezanoni.com.br\/2019\/wp-content\/uploads\/2024\/06\/IMG_0733-Pequeno-80x60.jpg 80w, https:\/\/jorgezanoni.com.br\/2019\/wp-content\/uploads\/2024\/06\/IMG_0733-Pequeno-265x198.jpg 265w, https:\/\/jorgezanoni.com.br\/2019\/wp-content\/uploads\/2024\/06\/IMG_0733-Pequeno-560x420.jpg 560w\" sizes=\"auto, (max-width: 640px) 100vw, 640px\" \/> <img loading=\"lazy\" decoding=\"async\" class=\"alignnone size-full wp-image-87215\" src=\"https:\/\/jorgezanoni.com.br\/2019\/wp-content\/uploads\/2024\/06\/IMG_0734-Pequeno.jpg\" alt=\"\" width=\"640\" height=\"480\" srcset=\"https:\/\/jorgezanoni.com.br\/2019\/wp-content\/uploads\/2024\/06\/IMG_0734-Pequeno.jpg 640w, https:\/\/jorgezanoni.com.br\/2019\/wp-content\/uploads\/2024\/06\/IMG_0734-Pequeno-300x225.jpg 300w, https:\/\/jorgezanoni.com.br\/2019\/wp-content\/uploads\/2024\/06\/IMG_0734-Pequeno-80x60.jpg 80w, https:\/\/jorgezanoni.com.br\/2019\/wp-content\/uploads\/2024\/06\/IMG_0734-Pequeno-265x198.jpg 265w, https:\/\/jorgezanoni.com.br\/2019\/wp-content\/uploads\/2024\/06\/IMG_0734-Pequeno-560x420.jpg 560w\" sizes=\"auto, (max-width: 640px) 100vw, 640px\" \/><\/p>\n<p>Jorge Zanoni<\/p>\n<p>&nbsp;<\/p>\n<p>&nbsp;<\/p>\n","protected":false},"excerpt":{"rendered":"<p>Batida aconteceu na esquina das Ruas A\u00e9cio de F\u00e9o Flora com Osvaldo Paulino dos Santos, na manh\u00e3 desta segunda-feira (17), no Jardim Brasil\u00e2ndia em Dracena. Segundo informa\u00e7\u00f5es obtidas no local pela reportagem do SITE JZ e TOP TV., um ve\u00edculo Gol, placas de Dracena, dirigido por um idoso, fazia o sentido bairro-AABB pela A\u00e9cio de [&hellip;]<\/p>\n","protected":false},"author":1,"featured_media":87213,"comment_status":"closed","ping_status":"open","sticky":false,"template":"","format":"standard","meta":{"footnotes":""},"categories":[170,110],"tags":[],"class_list":["post-87212","post","type-post","status-publish","format-standard","has-post-thumbnail","hentry","category-acidentes","category-noticiasdestaque"],"_links":{"self":[{"href":"https:\/\/jorgezanoni.com.br\/2019\/wp-json\/wp\/v2\/posts\/87212","targetHints":{"allow":["GET"]}}],"collection":[{"href":"https:\/\/jorgezanoni.com.br\/2019\/wp-json\/wp\/v2\/posts"}],"about":[{"href":"https:\/\/jorgezanoni.com.br\/2019\/wp-json\/wp\/v2\/types\/post"}],"author":[{"embeddable":true,"href":"https:\/\/jorgezanoni.com.br\/2019\/wp-json\/wp\/v2\/users\/1"}],"replies":[{"embeddable":true,"href":"https:\/\/jorgezanoni.com.br\/2019\/wp-json\/wp\/v2\/comments?post=87212"}],"version-history":[{"count":1,"href":"https:\/\/jorgezanoni.com.br\/2019\/wp-json\/wp\/v2\/posts\/87212\/revisions"}],"predecessor-version":[{"id":87216,"href":"https:\/\/jorgezanoni.com.br\/2019\/wp-json\/wp\/v2\/posts\/87212\/revisions\/87216"}],"wp:featuredmedia":[{"embeddable":true,"href":"https:\/\/jorgezanoni.com.br\/2019\/wp-json\/wp\/v2\/media\/87213"}],"wp:attachment":[{"href":"https:\/\/jorgezanoni.com.br\/2019\/wp-json\/wp\/v2\/media?parent=87212"}],"wp:term":[{"taxonomy":"category","embeddable":true,"href":"https:\/\/jorgezanoni.com.br\/2019\/wp-json\/wp\/v2\/categories?post=87212"},{"taxonomy":"post_tag","embeddable":true,"href":"https:\/\/jorgezanoni.com.br\/2019\/wp-json\/wp\/v2\/tags?post=87212"}],"curies":[{"name":"wp","href":"https:\/\/api.w.org\/{rel}","templated":true}]}}