{"id":87178,"date":"2024-06-16T16:39:06","date_gmt":"2024-06-16T16:39:06","guid":{"rendered":"https:\/\/jorgezanoni.com.br\/2019\/?p=87178"},"modified":"2024-06-16T16:39:06","modified_gmt":"2024-06-16T16:39:06","slug":"colisao-entre-dois-veiculos-em-avenida-de-dracena-nao-houve-feridos","status":"publish","type":"post","link":"https:\/\/jorgezanoni.com.br\/2019\/colisao-entre-dois-veiculos-em-avenida-de-dracena-nao-houve-feridos\/","title":{"rendered":"Colis\u00e3o entre dois ve\u00edculos em Avenida de Dracena. N\u00e3o houve feridos"},"content":{"rendered":"<p style=\"text-align: justify;\"><strong>Acidente aconteceu na noite deste s\u00e1bado e os dois condutores estavam com as fam\u00edlias dentro dos ve\u00edculos.<\/strong><\/p>\n<p style=\"text-align: justify;\">Segundo informa\u00e7\u00f5es obtidas no local pela reportagem do SITE JZ e TOP TV, um Ford Fiesta placas de Valparaiso fazia o sentido bairro-centro pela Avenida Presidente Roosevelt (via preferencial com sentido \u00fanico de dire\u00e7\u00e3o), quando foi colidido por um Ford Corcel placas Mercosul que fazia o sentido centro-bairro pela Rua Princesa Isabel.<\/p>\n<p style=\"text-align: justify;\">Nos dois ve\u00edculos, estavam os condutores e seus familiares, Felizmente ningu\u00e9m ficou ferido. Apenas danos de regular monta nos dois carros.<\/p>\n<p>O Corpo de Bombeiros e Pol\u00edcia Miliar estiveram no local.<\/p>\n<p><img loading=\"lazy\" decoding=\"async\" class=\"alignnone size-full wp-image-87179\" src=\"https:\/\/jorgezanoni.com.br\/2019\/wp-content\/uploads\/2024\/06\/IMG_0728-Pequeno.jpg\" alt=\"\" width=\"640\" height=\"480\" srcset=\"https:\/\/jorgezanoni.com.br\/2019\/wp-content\/uploads\/2024\/06\/IMG_0728-Pequeno.jpg 640w, https:\/\/jorgezanoni.com.br\/2019\/wp-content\/uploads\/2024\/06\/IMG_0728-Pequeno-300x225.jpg 300w, https:\/\/jorgezanoni.com.br\/2019\/wp-content\/uploads\/2024\/06\/IMG_0728-Pequeno-80x60.jpg 80w, https:\/\/jorgezanoni.com.br\/2019\/wp-content\/uploads\/2024\/06\/IMG_0728-Pequeno-265x198.jpg 265w, https:\/\/jorgezanoni.com.br\/2019\/wp-content\/uploads\/2024\/06\/IMG_0728-Pequeno-560x420.jpg 560w\" sizes=\"auto, (max-width: 640px) 100vw, 640px\" \/> <img loading=\"lazy\" decoding=\"async\" class=\"alignnone size-full wp-image-87180\" src=\"https:\/\/jorgezanoni.com.br\/2019\/wp-content\/uploads\/2024\/06\/IMG_0729-Pequeno.jpg\" alt=\"\" width=\"640\" height=\"480\" srcset=\"https:\/\/jorgezanoni.com.br\/2019\/wp-content\/uploads\/2024\/06\/IMG_0729-Pequeno.jpg 640w, https:\/\/jorgezanoni.com.br\/2019\/wp-content\/uploads\/2024\/06\/IMG_0729-Pequeno-300x225.jpg 300w, https:\/\/jorgezanoni.com.br\/2019\/wp-content\/uploads\/2024\/06\/IMG_0729-Pequeno-80x60.jpg 80w, https:\/\/jorgezanoni.com.br\/2019\/wp-content\/uploads\/2024\/06\/IMG_0729-Pequeno-265x198.jpg 265w, https:\/\/jorgezanoni.com.br\/2019\/wp-content\/uploads\/2024\/06\/IMG_0729-Pequeno-560x420.jpg 560w\" sizes=\"auto, (max-width: 640px) 100vw, 640px\" \/> <img loading=\"lazy\" decoding=\"async\" class=\"alignnone size-full wp-image-87182\" src=\"https:\/\/jorgezanoni.com.br\/2019\/wp-content\/uploads\/2024\/06\/IMG_0731-Pequeno.jpg\" alt=\"\" width=\"640\" height=\"480\" srcset=\"https:\/\/jorgezanoni.com.br\/2019\/wp-content\/uploads\/2024\/06\/IMG_0731-Pequeno.jpg 640w, https:\/\/jorgezanoni.com.br\/2019\/wp-content\/uploads\/2024\/06\/IMG_0731-Pequeno-300x225.jpg 300w, https:\/\/jorgezanoni.com.br\/2019\/wp-content\/uploads\/2024\/06\/IMG_0731-Pequeno-80x60.jpg 80w, https:\/\/jorgezanoni.com.br\/2019\/wp-content\/uploads\/2024\/06\/IMG_0731-Pequeno-265x198.jpg 265w, https:\/\/jorgezanoni.com.br\/2019\/wp-content\/uploads\/2024\/06\/IMG_0731-Pequeno-560x420.jpg 560w\" sizes=\"auto, (max-width: 640px) 100vw, 640px\" \/><\/p>\n<p>Jorge Zanoni<\/p>\n","protected":false},"excerpt":{"rendered":"<p>Acidente aconteceu na noite deste s\u00e1bado e os dois condutores estavam com as fam\u00edlias dentro dos ve\u00edculos. Segundo informa\u00e7\u00f5es obtidas no local pela reportagem do SITE JZ e TOP TV, um Ford Fiesta placas de Valparaiso fazia o sentido bairro-centro pela Avenida Presidente Roosevelt (via preferencial com sentido \u00fanico de dire\u00e7\u00e3o), quando foi colidido por [&hellip;]<\/p>\n","protected":false},"author":1,"featured_media":87181,"comment_status":"closed","ping_status":"open","sticky":false,"template":"","format":"standard","meta":{"footnotes":""},"categories":[170,110],"tags":[],"class_list":["post-87178","post","type-post","status-publish","format-standard","has-post-thumbnail","hentry","category-acidentes","category-noticiasdestaque"],"_links":{"self":[{"href":"https:\/\/jorgezanoni.com.br\/2019\/wp-json\/wp\/v2\/posts\/87178","targetHints":{"allow":["GET"]}}],"collection":[{"href":"https:\/\/jorgezanoni.com.br\/2019\/wp-json\/wp\/v2\/posts"}],"about":[{"href":"https:\/\/jorgezanoni.com.br\/2019\/wp-json\/wp\/v2\/types\/post"}],"author":[{"embeddable":true,"href":"https:\/\/jorgezanoni.com.br\/2019\/wp-json\/wp\/v2\/users\/1"}],"replies":[{"embeddable":true,"href":"https:\/\/jorgezanoni.com.br\/2019\/wp-json\/wp\/v2\/comments?post=87178"}],"version-history":[{"count":1,"href":"https:\/\/jorgezanoni.com.br\/2019\/wp-json\/wp\/v2\/posts\/87178\/revisions"}],"predecessor-version":[{"id":87183,"href":"https:\/\/jorgezanoni.com.br\/2019\/wp-json\/wp\/v2\/posts\/87178\/revisions\/87183"}],"wp:featuredmedia":[{"embeddable":true,"href":"https:\/\/jorgezanoni.com.br\/2019\/wp-json\/wp\/v2\/media\/87181"}],"wp:attachment":[{"href":"https:\/\/jorgezanoni.com.br\/2019\/wp-json\/wp\/v2\/media?parent=87178"}],"wp:term":[{"taxonomy":"category","embeddable":true,"href":"https:\/\/jorgezanoni.com.br\/2019\/wp-json\/wp\/v2\/categories?post=87178"},{"taxonomy":"post_tag","embeddable":true,"href":"https:\/\/jorgezanoni.com.br\/2019\/wp-json\/wp\/v2\/tags?post=87178"}],"curies":[{"name":"wp","href":"https:\/\/api.w.org\/{rel}","templated":true}]}}