{"id":87169,"date":"2024-06-16T14:41:15","date_gmt":"2024-06-16T14:41:15","guid":{"rendered":"https:\/\/jorgezanoni.com.br\/2019\/?p=87169"},"modified":"2024-06-16T14:41:15","modified_gmt":"2024-06-16T14:41:15","slug":"colisao-na-vicinal-joao-araujo-em-dracena-entre-dois-veiculos","status":"publish","type":"post","link":"https:\/\/jorgezanoni.com.br\/2019\/colisao-na-vicinal-joao-araujo-em-dracena-entre-dois-veiculos\/","title":{"rendered":"Colis\u00e3o na Vicinal Jo\u00e3o Ara\u00fajo em Dracena, entre dois ve\u00edculos"},"content":{"rendered":"<p style=\"text-align: justify;\"><strong>Acidente foi registrado na noite deste s\u00e1bado (15) na Vicinal que liga Dracena ao Aeroporto e SP-563, no KM 06.<\/strong><\/p>\n<p style=\"text-align: justify;\">Segundo informa\u00e7\u00f5es obtidas pela reportagem do SITE JZ e TOP TV. os ve\u00edculos faziam sentidos contr\u00e1rios, quando em local de curva houve a colis\u00e3o.<\/p>\n<p style=\"text-align: justify;\">Os carros envolvidos s\u00e3o um Astra e um Prisma, sendo que o motorista do Astra nada sofreu, j\u00e1 o condutor do Prisma teve ferimentos em uma das pernas e foi socorrido por uma Unidade de Resgate do Corpo de Bombeiros ao Pronto Atendimento Municipal.<\/p>\n<p style=\"text-align: justify;\">A Pol\u00edcia Militar de Dracena esteve no local para controlar o tr\u00e2nsito e fazer os levantamentos preliminares e a Pol\u00edcia T\u00e9cnica colheu dados para apurar as reais causas do acidente.<\/p>\n<p><img loading=\"lazy\" decoding=\"async\" class=\"alignnone size-full wp-image-87170\" src=\"https:\/\/jorgezanoni.com.br\/2019\/wp-content\/uploads\/2024\/06\/AnyConv.com__vici-Pequeno.jpg\" alt=\"\" width=\"216\" height=\"480\" srcset=\"https:\/\/jorgezanoni.com.br\/2019\/wp-content\/uploads\/2024\/06\/AnyConv.com__vici-Pequeno.jpg 216w, https:\/\/jorgezanoni.com.br\/2019\/wp-content\/uploads\/2024\/06\/AnyConv.com__vici-Pequeno-135x300.jpg 135w, https:\/\/jorgezanoni.com.br\/2019\/wp-content\/uploads\/2024\/06\/AnyConv.com__vici-Pequeno-189x420.jpg 189w\" sizes=\"auto, (max-width: 216px) 100vw, 216px\" \/> <img loading=\"lazy\" decoding=\"async\" class=\"alignnone size-full wp-image-87171\" src=\"https:\/\/jorgezanoni.com.br\/2019\/wp-content\/uploads\/2024\/06\/AnyConv.com__vici1-Pequeno-1.jpg\" alt=\"\" width=\"854\" height=\"384\" srcset=\"https:\/\/jorgezanoni.com.br\/2019\/wp-content\/uploads\/2024\/06\/AnyConv.com__vici1-Pequeno-1.jpg 854w, https:\/\/jorgezanoni.com.br\/2019\/wp-content\/uploads\/2024\/06\/AnyConv.com__vici1-Pequeno-1-300x135.jpg 300w, https:\/\/jorgezanoni.com.br\/2019\/wp-content\/uploads\/2024\/06\/AnyConv.com__vici1-Pequeno-1-768x345.jpg 768w, https:\/\/jorgezanoni.com.br\/2019\/wp-content\/uploads\/2024\/06\/AnyConv.com__vici1-Pequeno-1-696x313.jpg 696w\" sizes=\"auto, (max-width: 854px) 100vw, 854px\" \/> <img loading=\"lazy\" decoding=\"async\" class=\"alignnone size-full wp-image-87172\" src=\"https:\/\/jorgezanoni.com.br\/2019\/wp-content\/uploads\/2024\/06\/AnyConv.com__vici2-Pequeno.jpg\" alt=\"\" width=\"854\" height=\"384\" srcset=\"https:\/\/jorgezanoni.com.br\/2019\/wp-content\/uploads\/2024\/06\/AnyConv.com__vici2-Pequeno.jpg 854w, https:\/\/jorgezanoni.com.br\/2019\/wp-content\/uploads\/2024\/06\/AnyConv.com__vici2-Pequeno-300x135.jpg 300w, https:\/\/jorgezanoni.com.br\/2019\/wp-content\/uploads\/2024\/06\/AnyConv.com__vici2-Pequeno-768x345.jpg 768w, https:\/\/jorgezanoni.com.br\/2019\/wp-content\/uploads\/2024\/06\/AnyConv.com__vici2-Pequeno-696x313.jpg 696w\" sizes=\"auto, (max-width: 854px) 100vw, 854px\" \/> <img loading=\"lazy\" decoding=\"async\" class=\"alignnone size-full wp-image-87173\" src=\"https:\/\/jorgezanoni.com.br\/2019\/wp-content\/uploads\/2024\/06\/AnyConv.com__vici3-Pequeno.jpg\" alt=\"\" width=\"854\" height=\"384\" srcset=\"https:\/\/jorgezanoni.com.br\/2019\/wp-content\/uploads\/2024\/06\/AnyConv.com__vici3-Pequeno.jpg 854w, https:\/\/jorgezanoni.com.br\/2019\/wp-content\/uploads\/2024\/06\/AnyConv.com__vici3-Pequeno-300x135.jpg 300w, https:\/\/jorgezanoni.com.br\/2019\/wp-content\/uploads\/2024\/06\/AnyConv.com__vici3-Pequeno-768x345.jpg 768w, https:\/\/jorgezanoni.com.br\/2019\/wp-content\/uploads\/2024\/06\/AnyConv.com__vici3-Pequeno-696x313.jpg 696w\" sizes=\"auto, (max-width: 854px) 100vw, 854px\" \/> <img loading=\"lazy\" decoding=\"async\" class=\"alignnone size-full wp-image-87174\" src=\"https:\/\/jorgezanoni.com.br\/2019\/wp-content\/uploads\/2024\/06\/AnyConv.com__vici4-Pequeno.jpg\" alt=\"\" width=\"216\" height=\"480\" srcset=\"https:\/\/jorgezanoni.com.br\/2019\/wp-content\/uploads\/2024\/06\/AnyConv.com__vici4-Pequeno.jpg 216w, https:\/\/jorgezanoni.com.br\/2019\/wp-content\/uploads\/2024\/06\/AnyConv.com__vici4-Pequeno-135x300.jpg 135w, https:\/\/jorgezanoni.com.br\/2019\/wp-content\/uploads\/2024\/06\/AnyConv.com__vici4-Pequeno-189x420.jpg 189w\" sizes=\"auto, (max-width: 216px) 100vw, 216px\" \/> <img loading=\"lazy\" decoding=\"async\" class=\"alignnone size-full wp-image-87175\" src=\"https:\/\/jorgezanoni.com.br\/2019\/wp-content\/uploads\/2024\/06\/AnyConv.com__vici5-Pequeno.jpg\" alt=\"\" width=\"854\" height=\"384\" srcset=\"https:\/\/jorgezanoni.com.br\/2019\/wp-content\/uploads\/2024\/06\/AnyConv.com__vici5-Pequeno.jpg 854w, https:\/\/jorgezanoni.com.br\/2019\/wp-content\/uploads\/2024\/06\/AnyConv.com__vici5-Pequeno-300x135.jpg 300w, https:\/\/jorgezanoni.com.br\/2019\/wp-content\/uploads\/2024\/06\/AnyConv.com__vici5-Pequeno-768x345.jpg 768w, https:\/\/jorgezanoni.com.br\/2019\/wp-content\/uploads\/2024\/06\/AnyConv.com__vici5-Pequeno-696x313.jpg 696w\" sizes=\"auto, (max-width: 854px) 100vw, 854px\" \/><\/p>\n<p>Jorge Zanoni<\/p>\n<p>Fotos de Internauta<\/p>\n<p>&nbsp;<\/p>\n<p>&nbsp;<\/p>\n","protected":false},"excerpt":{"rendered":"<p>Acidente foi registrado na noite deste s\u00e1bado (15) na Vicinal que liga Dracena ao Aeroporto e SP-563, no KM 06. Segundo informa\u00e7\u00f5es obtidas pela reportagem do SITE JZ e TOP TV. os ve\u00edculos faziam sentidos contr\u00e1rios, quando em local de curva houve a colis\u00e3o. Os carros envolvidos s\u00e3o um Astra e um Prisma, sendo que [&hellip;]<\/p>\n","protected":false},"author":1,"featured_media":87176,"comment_status":"closed","ping_status":"open","sticky":false,"template":"","format":"standard","meta":{"footnotes":""},"categories":[170,110],"tags":[],"class_list":["post-87169","post","type-post","status-publish","format-standard","has-post-thumbnail","hentry","category-acidentes","category-noticiasdestaque"],"_links":{"self":[{"href":"https:\/\/jorgezanoni.com.br\/2019\/wp-json\/wp\/v2\/posts\/87169","targetHints":{"allow":["GET"]}}],"collection":[{"href":"https:\/\/jorgezanoni.com.br\/2019\/wp-json\/wp\/v2\/posts"}],"about":[{"href":"https:\/\/jorgezanoni.com.br\/2019\/wp-json\/wp\/v2\/types\/post"}],"author":[{"embeddable":true,"href":"https:\/\/jorgezanoni.com.br\/2019\/wp-json\/wp\/v2\/users\/1"}],"replies":[{"embeddable":true,"href":"https:\/\/jorgezanoni.com.br\/2019\/wp-json\/wp\/v2\/comments?post=87169"}],"version-history":[{"count":1,"href":"https:\/\/jorgezanoni.com.br\/2019\/wp-json\/wp\/v2\/posts\/87169\/revisions"}],"predecessor-version":[{"id":87177,"href":"https:\/\/jorgezanoni.com.br\/2019\/wp-json\/wp\/v2\/posts\/87169\/revisions\/87177"}],"wp:featuredmedia":[{"embeddable":true,"href":"https:\/\/jorgezanoni.com.br\/2019\/wp-json\/wp\/v2\/media\/87176"}],"wp:attachment":[{"href":"https:\/\/jorgezanoni.com.br\/2019\/wp-json\/wp\/v2\/media?parent=87169"}],"wp:term":[{"taxonomy":"category","embeddable":true,"href":"https:\/\/jorgezanoni.com.br\/2019\/wp-json\/wp\/v2\/categories?post=87169"},{"taxonomy":"post_tag","embeddable":true,"href":"https:\/\/jorgezanoni.com.br\/2019\/wp-json\/wp\/v2\/tags?post=87169"}],"curies":[{"name":"wp","href":"https:\/\/api.w.org\/{rel}","templated":true}]}}