{"id":8716,"date":"2019-10-13T20:10:21","date_gmt":"2019-10-13T20:10:21","guid":{"rendered":"https:\/\/jorgezanoni.com.br\/2019\/?p=8716"},"modified":"2019-10-13T20:10:21","modified_gmt":"2019-10-13T20:10:21","slug":"ventos-fortes-na-tarde-deste-domingo-derrubam-estrutura-na-entrada-de-monte-castelo-video-de-internauta-13-10-19","status":"publish","type":"post","link":"https:\/\/jorgezanoni.com.br\/2019\/ventos-fortes-na-tarde-deste-domingo-derrubam-estrutura-na-entrada-de-monte-castelo-video-de-internauta-13-10-19\/","title":{"rendered":"Ventos fortes na tarde deste domingo, derrubam estrutura na entrada de Monte Castelo. (V\u00eddeo de Internauta) 13\/10\/19"},"content":{"rendered":"<p style=\"text-align: justify;\">Tr\u00e2nsito ficou interditado no local, necessitando de apoio da funcion\u00e1rios e m\u00e1quinas da Prefeitura Municipal para liberar a pista que ficou por mais de hora interditada.<\/p>\n<div id=\"fb-root\"><\/div>\n<p><script async=\"1\" defer=\"1\" crossorigin=\"anonymous\" src=\"https:\/\/connect.facebook.net\/en_US\/sdk.js#xfbml=1&amp;version=v4.0\"><\/script><\/p>\n<div class=\"fb-video\" data-href=\"https:\/\/www.facebook.com\/jorgeluizzanoni\/videos\/3218543578219758\/\" data-width=\"696\">\n<blockquote cite=\"https:\/\/www.facebook.com\/jorgeluizzanoni\/videos\/3218543578219758\/\" class=\"fb-xfbml-parse-ignore\"><p><a href=\"https:\/\/www.facebook.com\/jorgeluizzanoni\/videos\/3218543578219758\/\"><\/a><\/p>\n<p>Ventos fortes na tarde deste domingo, derrubam estrutura na entrada de Monte Castelo. (V\u00eddeo de Internauta) 13\/10\/19<\/p>\n<p>Posted by <a href=\"https:\/\/www.facebook.com\/jorgeluizzanoni\">Jorge Luiz Zanoni<\/a> on Sunday, October 13, 2019<\/p><\/blockquote>\n<\/div>\n<p>&nbsp;<\/p>\n","protected":false},"excerpt":{"rendered":"<p>Tr\u00e2nsito ficou interditado no local, necessitando de apoio da funcion\u00e1rios e m\u00e1quinas da Prefeitura Municipal para liberar a pista que ficou por mais de hora interditada. Ventos fortes na tarde deste domingo, derrubam estrutura na entrada de Monte Castelo. (V\u00eddeo de Internauta) 13\/10\/19 Posted by Jorge Luiz Zanoni on Sunday, October 13, 2019 &nbsp;<\/p>\n","protected":false},"author":1,"featured_media":8717,"comment_status":"closed","ping_status":"open","sticky":false,"template":"","format":"video","meta":{"footnotes":""},"categories":[169],"tags":[],"class_list":["post-8716","post","type-post","status-publish","format-video","has-post-thumbnail","hentry","category-videos","post_format-post-format-video"],"_links":{"self":[{"href":"https:\/\/jorgezanoni.com.br\/2019\/wp-json\/wp\/v2\/posts\/8716","targetHints":{"allow":["GET"]}}],"collection":[{"href":"https:\/\/jorgezanoni.com.br\/2019\/wp-json\/wp\/v2\/posts"}],"about":[{"href":"https:\/\/jorgezanoni.com.br\/2019\/wp-json\/wp\/v2\/types\/post"}],"author":[{"embeddable":true,"href":"https:\/\/jorgezanoni.com.br\/2019\/wp-json\/wp\/v2\/users\/1"}],"replies":[{"embeddable":true,"href":"https:\/\/jorgezanoni.com.br\/2019\/wp-json\/wp\/v2\/comments?post=8716"}],"version-history":[{"count":0,"href":"https:\/\/jorgezanoni.com.br\/2019\/wp-json\/wp\/v2\/posts\/8716\/revisions"}],"wp:featuredmedia":[{"embeddable":true,"href":"https:\/\/jorgezanoni.com.br\/2019\/wp-json\/wp\/v2\/media\/8717"}],"wp:attachment":[{"href":"https:\/\/jorgezanoni.com.br\/2019\/wp-json\/wp\/v2\/media?parent=8716"}],"wp:term":[{"taxonomy":"category","embeddable":true,"href":"https:\/\/jorgezanoni.com.br\/2019\/wp-json\/wp\/v2\/categories?post=8716"},{"taxonomy":"post_tag","embeddable":true,"href":"https:\/\/jorgezanoni.com.br\/2019\/wp-json\/wp\/v2\/tags?post=8716"}],"curies":[{"name":"wp","href":"https:\/\/api.w.org\/{rel}","templated":true}]}}