{"id":87127,"date":"2024-06-14T16:26:33","date_gmt":"2024-06-14T16:26:33","guid":{"rendered":"https:\/\/jorgezanoni.com.br\/2019\/?p=87127"},"modified":"2024-06-14T16:27:50","modified_gmt":"2024-06-14T16:27:50","slug":"morre-mulher-de-acidente-grave-registrado-ontem-em-estrada-de-terra-de-santa-mercedes","status":"publish","type":"post","link":"https:\/\/jorgezanoni.com.br\/2019\/morre-mulher-de-acidente-grave-registrado-ontem-em-estrada-de-terra-de-santa-mercedes\/","title":{"rendered":"Morre mulher de acidente grave registrado ontem em estrada de terra de Santa Mercedes"},"content":{"rendered":"<p><strong><em>No acidente se envolveram um carro de passeio e um caminh\u00e3o. Informa\u00e7\u00f5es iniciais envolvem 6 v\u00edtimas, entre as elas um beb\u00ea.<\/em><\/strong><\/p>\n<p>Uma forte colis\u00e3o em uma estrada de terra pr\u00f3ximo a Isca do Baiano, uma estrada de rural nas proximidades em Santa Mercedes. Inicialmente 06 v\u00edtimas foram socorridas para Panorama e Unidades de Atendimento da regi\u00e3o.<\/p>\n<p>Para o Pronto atendimento de Panorama foram tr\u00eas v\u00edtimas. Segundo o que se apurou, um homem, uma mulher e um beb\u00ea, de 6 meses. Ambos sendo atendidos, sem ferimentos graves.<\/p>\n<p>Um casal foi levado para o Pronto socorro de Tupi Paulista com ferimentos graves, sendo que no in\u00edcio da madrugada de hoje (14), Aparecida Ramos Prado, moradora de Paulic\u00e9ia, uma das v\u00edtimas do acidente que envolveu um Fiat Uno e um Caminh\u00e3o, infelizmente n\u00e3o resistiu aos ferimentos e veio a \u00f3bito.<\/p>\n<p>Sobre as v\u00edtimas que deram entrada no Pronto Socorro de Panorama, foram 4 no total, foi acionada a central de vagas para todos os envolvidos, a princ\u00edpio para receberem maiores cuidados.<\/p>\n<p>O acidente deixou mais 5 feridos, entre os pacientes um beb\u00ea, de 6 meses. Todos da mesma fam\u00edlia.<\/p>\n<p><img loading=\"lazy\" decoding=\"async\" class=\"alignnone size-full wp-image-87129\" src=\"https:\/\/jorgezanoni.com.br\/2019\/wp-content\/uploads\/2024\/06\/panora-4.jpg\" alt=\"\" width=\"471\" height=\"466\" srcset=\"https:\/\/jorgezanoni.com.br\/2019\/wp-content\/uploads\/2024\/06\/panora-4.jpg 471w, https:\/\/jorgezanoni.com.br\/2019\/wp-content\/uploads\/2024\/06\/panora-4-300x297.jpg 300w, https:\/\/jorgezanoni.com.br\/2019\/wp-content\/uploads\/2024\/06\/panora-4-425x420.jpg 425w\" sizes=\"auto, (max-width: 471px) 100vw, 471px\" \/><\/p>\n<p>Foto \u2013 Aparecida Ramos Prado, moradora de Paulic\u00e9ia, v\u00edtima fatal do acidente.<\/p>\n<p>Jorge Zanoni<\/p>\n<p>Fonte \u2013 Panorama Not\u00edcias<\/p>\n<p>&nbsp;<\/p>\n<h1 class=\"cm-entry-title\"><\/h1>\n","protected":false},"excerpt":{"rendered":"<p>No acidente se envolveram um carro de passeio e um caminh\u00e3o. Informa\u00e7\u00f5es iniciais envolvem 6 v\u00edtimas, entre as elas um beb\u00ea. Uma forte colis\u00e3o em uma estrada de terra pr\u00f3ximo a Isca do Baiano, uma estrada de rural nas proximidades em Santa Mercedes. Inicialmente 06 v\u00edtimas foram socorridas para Panorama e Unidades de Atendimento da [&hellip;]<\/p>\n","protected":false},"author":1,"featured_media":87128,"comment_status":"closed","ping_status":"open","sticky":false,"template":"","format":"standard","meta":{"footnotes":""},"categories":[170,110],"tags":[],"class_list":["post-87127","post","type-post","status-publish","format-standard","has-post-thumbnail","hentry","category-acidentes","category-noticiasdestaque"],"_links":{"self":[{"href":"https:\/\/jorgezanoni.com.br\/2019\/wp-json\/wp\/v2\/posts\/87127","targetHints":{"allow":["GET"]}}],"collection":[{"href":"https:\/\/jorgezanoni.com.br\/2019\/wp-json\/wp\/v2\/posts"}],"about":[{"href":"https:\/\/jorgezanoni.com.br\/2019\/wp-json\/wp\/v2\/types\/post"}],"author":[{"embeddable":true,"href":"https:\/\/jorgezanoni.com.br\/2019\/wp-json\/wp\/v2\/users\/1"}],"replies":[{"embeddable":true,"href":"https:\/\/jorgezanoni.com.br\/2019\/wp-json\/wp\/v2\/comments?post=87127"}],"version-history":[{"count":1,"href":"https:\/\/jorgezanoni.com.br\/2019\/wp-json\/wp\/v2\/posts\/87127\/revisions"}],"predecessor-version":[{"id":87130,"href":"https:\/\/jorgezanoni.com.br\/2019\/wp-json\/wp\/v2\/posts\/87127\/revisions\/87130"}],"wp:featuredmedia":[{"embeddable":true,"href":"https:\/\/jorgezanoni.com.br\/2019\/wp-json\/wp\/v2\/media\/87128"}],"wp:attachment":[{"href":"https:\/\/jorgezanoni.com.br\/2019\/wp-json\/wp\/v2\/media?parent=87127"}],"wp:term":[{"taxonomy":"category","embeddable":true,"href":"https:\/\/jorgezanoni.com.br\/2019\/wp-json\/wp\/v2\/categories?post=87127"},{"taxonomy":"post_tag","embeddable":true,"href":"https:\/\/jorgezanoni.com.br\/2019\/wp-json\/wp\/v2\/tags?post=87127"}],"curies":[{"name":"wp","href":"https:\/\/api.w.org\/{rel}","templated":true}]}}