{"id":87115,"date":"2024-06-14T01:52:44","date_gmt":"2024-06-14T01:52:44","guid":{"rendered":"https:\/\/jorgezanoni.com.br\/2019\/?p=87115"},"modified":"2024-06-14T01:52:44","modified_gmt":"2024-06-14T01:52:44","slug":"impactos-do-vitimismo-interpessoal-na-saude-mental-e-nas-relacoes-sociais-por-cidinha-pascoaloto","status":"publish","type":"post","link":"https:\/\/jorgezanoni.com.br\/2019\/impactos-do-vitimismo-interpessoal-na-saude-mental-e-nas-relacoes-sociais-por-cidinha-pascoaloto\/","title":{"rendered":"\u201cImpactos do Vitimismo Interpessoal na Sa\u00fade Mental e nas Rela\u00e7\u00f5es Sociais&#8221;  (por Cidinha Pascoaloto)"},"content":{"rendered":"<p style=\"text-align: justify;\">O\u00a0vitimismo interpessoal\u00a0\u00e9 um padr\u00e3o frequente de comportamento em algumas pessoas. \u00a0As pessoas com vitimismo consideram todas as ofensas como ataques pessoais reais, por menores que sejam. Para um paciente com doen\u00e7a mental a vitimiza\u00e7\u00e3o pode acarretar graves consequ\u00eancias como o agravamento dos sintomas psiqui\u00e1tricos existentes, maior uso de servi\u00e7os de sa\u00fade, incluindo interna\u00e7\u00f5es psiqui\u00e1tricas e comprometimento da qualidade de vida.<\/p>\n<p style=\"text-align: justify;\">\u00a0Uma pessoa com esse comportamento pode assumir papel de v\u00edtima em diversas situa\u00e7\u00f5es da vida e transferindo a responsabilidade para outras pessoas dos problemas que ela tem dificuldade em resolver.<\/p>\n<p style=\"text-align: justify;\">\u00a0\u00c9 comum as v\u00edtimas remastigar constantemente sobre as ofensas recebidas, por mais raras e insignificantes que sejam n\u00e3o conseguem esquecer do que disseram e do fizeram a tempos atr\u00e1s.<\/p>\n<p style=\"text-align: justify;\">\u00a0As lembran\u00e7as mais vividas est\u00e3o relacionadas a raiva, trai\u00e7\u00e3o, decep\u00e7\u00e3o por serem emo\u00e7\u00f5es negativas. As pessoas com comportamento vitimista n\u00e3o conseguem desenvolver habilidades de enfrentamento para lidar com os problemas de forma assertiva e construtiva baseada na responsabilidade pessoal para construir uma vida plena e satisfat\u00f3ria e discutir poss\u00edveis solu\u00e7\u00f5es para os problemas e evitar tantos conflitos interpessoais.<\/p>\n<p style=\"text-align: justify;\">O vitimismo pode estar relacionado com baixa autoestima, falta de confian\u00e7a em si mesmo, experi\u00eancias traum\u00e1ticas e dificuldades em lidar com seus problemas e novas situa\u00e7\u00f5es desafiadoras.<\/p>\n<p style=\"text-align: justify;\">\u00a0Para vencer o vitimismo \u00e9 fundamental desenvolver autoconhecimento e investir no desenvolvimento pessoal, assumir as responsabilidades por suas pr\u00f3prias a\u00e7\u00f5es e escolhas e alcan\u00e7ar seus objetivos sem ajuda de ningu\u00e9m. \u00c9 importante tamb\u00e9m que as pessoas a volta do vitimista n\u00e3o alimentem esse comportamento dando muita aten\u00e7\u00e3o para a pessoa. A terapia comportamental pode ajudar o indiv\u00edduo a organizar seus pensamentos e aprender a lidar melhor com suas emo\u00e7\u00f5es.<\/p>\n<p><img loading=\"lazy\" decoding=\"async\" class=\"alignnone size-full wp-image-87117\" src=\"https:\/\/jorgezanoni.com.br\/2019\/wp-content\/uploads\/2024\/06\/Cidinha-Pascoaloto-1.jpg\" alt=\"\" width=\"500\" height=\"755\" srcset=\"https:\/\/jorgezanoni.com.br\/2019\/wp-content\/uploads\/2024\/06\/Cidinha-Pascoaloto-1.jpg 500w, https:\/\/jorgezanoni.com.br\/2019\/wp-content\/uploads\/2024\/06\/Cidinha-Pascoaloto-1-199x300.jpg 199w, https:\/\/jorgezanoni.com.br\/2019\/wp-content\/uploads\/2024\/06\/Cidinha-Pascoaloto-1-278x420.jpg 278w\" sizes=\"auto, (max-width: 500px) 100vw, 500px\" \/><\/p>\n<p style=\"text-align: justify;\">\u00a0Cidinha Pascoaloto-Psic\u00f3loga, com foco no luto CRP 06\/158174. Presencial e online, contato: (18) 99725-6418<\/p>\n<p>&nbsp;<\/p>\n<p><strong>\u00a0<\/strong><\/p>\n<p>&nbsp;<\/p>\n<p>&nbsp;<\/p>\n<p>&nbsp;<\/p>\n","protected":false},"excerpt":{"rendered":"<p>O\u00a0vitimismo interpessoal\u00a0\u00e9 um padr\u00e3o frequente de comportamento em algumas pessoas. \u00a0As pessoas com vitimismo consideram todas as ofensas como ataques pessoais reais, por menores que sejam. Para um paciente com doen\u00e7a mental a vitimiza\u00e7\u00e3o pode acarretar graves consequ\u00eancias como o agravamento dos sintomas psiqui\u00e1tricos existentes, maior uso de servi\u00e7os de sa\u00fade, incluindo interna\u00e7\u00f5es psiqui\u00e1tricas e [&hellip;]<\/p>\n","protected":false},"author":1,"featured_media":87118,"comment_status":"closed","ping_status":"open","sticky":false,"template":"","format":"standard","meta":{"footnotes":""},"categories":[175],"tags":[],"class_list":["post-87115","post","type-post","status-publish","format-standard","has-post-thumbnail","hentry","category-artigos"],"_links":{"self":[{"href":"https:\/\/jorgezanoni.com.br\/2019\/wp-json\/wp\/v2\/posts\/87115","targetHints":{"allow":["GET"]}}],"collection":[{"href":"https:\/\/jorgezanoni.com.br\/2019\/wp-json\/wp\/v2\/posts"}],"about":[{"href":"https:\/\/jorgezanoni.com.br\/2019\/wp-json\/wp\/v2\/types\/post"}],"author":[{"embeddable":true,"href":"https:\/\/jorgezanoni.com.br\/2019\/wp-json\/wp\/v2\/users\/1"}],"replies":[{"embeddable":true,"href":"https:\/\/jorgezanoni.com.br\/2019\/wp-json\/wp\/v2\/comments?post=87115"}],"version-history":[{"count":1,"href":"https:\/\/jorgezanoni.com.br\/2019\/wp-json\/wp\/v2\/posts\/87115\/revisions"}],"predecessor-version":[{"id":87119,"href":"https:\/\/jorgezanoni.com.br\/2019\/wp-json\/wp\/v2\/posts\/87115\/revisions\/87119"}],"wp:featuredmedia":[{"embeddable":true,"href":"https:\/\/jorgezanoni.com.br\/2019\/wp-json\/wp\/v2\/media\/87118"}],"wp:attachment":[{"href":"https:\/\/jorgezanoni.com.br\/2019\/wp-json\/wp\/v2\/media?parent=87115"}],"wp:term":[{"taxonomy":"category","embeddable":true,"href":"https:\/\/jorgezanoni.com.br\/2019\/wp-json\/wp\/v2\/categories?post=87115"},{"taxonomy":"post_tag","embeddable":true,"href":"https:\/\/jorgezanoni.com.br\/2019\/wp-json\/wp\/v2\/tags?post=87115"}],"curies":[{"name":"wp","href":"https:\/\/api.w.org\/{rel}","templated":true}]}}