{"id":87109,"date":"2024-06-14T01:05:40","date_gmt":"2024-06-14T01:05:40","guid":{"rendered":"https:\/\/jorgezanoni.com.br\/2019\/?p=87109"},"modified":"2024-06-14T01:05:40","modified_gmt":"2024-06-14T01:05:40","slug":"acidente-grave-foi-registrado-em-estrada-de-terra-de-santa-mercedes","status":"publish","type":"post","link":"https:\/\/jorgezanoni.com.br\/2019\/acidente-grave-foi-registrado-em-estrada-de-terra-de-santa-mercedes\/","title":{"rendered":"Acidente grave foi registrado em estrada de terra de Santa Mercedes"},"content":{"rendered":"<div class=\"xdj266r x11i5rnm xat24cr x1mh8g0r x1vvkbs x126k92a\">\n<div dir=\"auto\" style=\"text-align: justify;\"><strong>No acidente se envolveram um carro de passeio e um caminh\u00e3o.<\/strong><\/div>\n<div dir=\"auto\" style=\"text-align: justify;\"><\/div>\n<div dir=\"auto\" style=\"text-align: justify;\">Informa\u00e7\u00f5es iniciais envolvem 6 v\u00edtimas, entre as v\u00edtimas um beb\u00ea. Colis\u00e3o em estrada de terra pr\u00f3ximo a Isca do Baiano. V\u00edtimas sendo socorridas para Panorama e Pronto Atendimentos da regi\u00e3o.<\/div>\n<div dir=\"auto\" style=\"text-align: justify;\"><\/div>\n<\/div>\n<div class=\"x11i5rnm xat24cr x1mh8g0r x1vvkbs xtlvy1s x126k92a\" style=\"text-align: justify;\">\n<div dir=\"auto\">Para o Pronto atendimento de Panorama foram tr\u00eas v\u00edtimas. Segundo o que o site apurou, um homem, uma mulher e um beb\u00ea de 6 meses. Ambos sendo atendidos, sem ferimentos graves.<\/div>\n<div dir=\"auto\"><\/div>\n<\/div>\n<div class=\"x11i5rnm xat24cr x1mh8g0r x1vvkbs xtlvy1s x126k92a\" style=\"text-align: justify;\">\n<div dir=\"auto\">Um casal foi levado para o Pronto socorro de Tupi Paulista com ferimentos. Vitima feminina est\u00e1 em estado mais grave.<\/div>\n<div dir=\"auto\"><\/div>\n<\/div>\n<div class=\"x11i5rnm xat24cr x1mh8g0r x1vvkbs xtlvy1s x126k92a\">\n<div dir=\"auto\" style=\"text-align: justify;\">Sobre as v\u00edtimas que deram entrada no Pronto Socorro de Panorama, foram 4 no total. Foi acionada a central de vagas para todos os envolvidos. A princ\u00edpio para maiores cuidados.<\/div>\n<\/div>\n<div dir=\"auto\"><\/div>\n<div dir=\"auto\">Fonte: Panorama Noti\u00edcias<\/div>\n","protected":false},"excerpt":{"rendered":"<p>No acidente se envolveram um carro de passeio e um caminh\u00e3o. Informa\u00e7\u00f5es iniciais envolvem 6 v\u00edtimas, entre as v\u00edtimas um beb\u00ea. Colis\u00e3o em estrada de terra pr\u00f3ximo a Isca do Baiano. V\u00edtimas sendo socorridas para Panorama e Pronto Atendimentos da regi\u00e3o. Para o Pronto atendimento de Panorama foram tr\u00eas v\u00edtimas. Segundo o que o site [&hellip;]<\/p>\n","protected":false},"author":1,"featured_media":87110,"comment_status":"closed","ping_status":"open","sticky":false,"template":"","format":"standard","meta":{"footnotes":""},"categories":[170,110],"tags":[],"class_list":["post-87109","post","type-post","status-publish","format-standard","has-post-thumbnail","hentry","category-acidentes","category-noticiasdestaque"],"_links":{"self":[{"href":"https:\/\/jorgezanoni.com.br\/2019\/wp-json\/wp\/v2\/posts\/87109","targetHints":{"allow":["GET"]}}],"collection":[{"href":"https:\/\/jorgezanoni.com.br\/2019\/wp-json\/wp\/v2\/posts"}],"about":[{"href":"https:\/\/jorgezanoni.com.br\/2019\/wp-json\/wp\/v2\/types\/post"}],"author":[{"embeddable":true,"href":"https:\/\/jorgezanoni.com.br\/2019\/wp-json\/wp\/v2\/users\/1"}],"replies":[{"embeddable":true,"href":"https:\/\/jorgezanoni.com.br\/2019\/wp-json\/wp\/v2\/comments?post=87109"}],"version-history":[{"count":1,"href":"https:\/\/jorgezanoni.com.br\/2019\/wp-json\/wp\/v2\/posts\/87109\/revisions"}],"predecessor-version":[{"id":87111,"href":"https:\/\/jorgezanoni.com.br\/2019\/wp-json\/wp\/v2\/posts\/87109\/revisions\/87111"}],"wp:featuredmedia":[{"embeddable":true,"href":"https:\/\/jorgezanoni.com.br\/2019\/wp-json\/wp\/v2\/media\/87110"}],"wp:attachment":[{"href":"https:\/\/jorgezanoni.com.br\/2019\/wp-json\/wp\/v2\/media?parent=87109"}],"wp:term":[{"taxonomy":"category","embeddable":true,"href":"https:\/\/jorgezanoni.com.br\/2019\/wp-json\/wp\/v2\/categories?post=87109"},{"taxonomy":"post_tag","embeddable":true,"href":"https:\/\/jorgezanoni.com.br\/2019\/wp-json\/wp\/v2\/tags?post=87109"}],"curies":[{"name":"wp","href":"https:\/\/api.w.org\/{rel}","templated":true}]}}