{"id":87089,"date":"2024-06-13T22:00:00","date_gmt":"2024-06-13T22:00:00","guid":{"rendered":"https:\/\/jorgezanoni.com.br\/2019\/?p=87089"},"modified":"2024-06-13T22:00:00","modified_gmt":"2024-06-13T22:00:00","slug":"morre-ex-morador-de-dracena-joao-roberto-nenartavis","status":"publish","type":"post","link":"https:\/\/jorgezanoni.com.br\/2019\/morre-ex-morador-de-dracena-joao-roberto-nenartavis\/","title":{"rendered":"Morre ex morador de Dracena Jo\u00e3o Roberto Nenartavis"},"content":{"rendered":"<p style=\"text-align: justify;\">Comunicamos com pesar o falecimento de Jo\u00e3o Roberto Nenartavis, de 72 anos. Ele estava internado em Hospital de Ribeir\u00e3o Preto em tratamento de sa\u00fade e teve complica\u00e7\u00f5es vindo a \u00f3bito na manh\u00e3 desta quinta-feira (13).<\/p>\n<p style=\"text-align: justify;\">Deixa a esposa Ivete, filho Alessander, dois netos, demais familiares e amigos. Jo\u00e3o tem diversos parentes aqui em Dracena.<\/p>\n<p style=\"text-align: justify;\">Trabalhamos juntos na d\u00e9cada de 70 no Banco Bradesco.<\/p>\n<p style=\"text-align: justify;\">O Vel\u00f3rio ocorre amanh\u00e3 (14), das 10 \u00e0s 14 H. na Funer\u00e1ria Monumento de Limeira, (cidade onde ele morava atualmente), e onde ser\u00e1 sepultado.<\/p>\n<p style=\"text-align: justify;\">Aos familiares e amigos a nossa solidariedade neste dif\u00edcil momento.<\/p>\n<p>Jorge Zanoni<\/p>\n","protected":false},"excerpt":{"rendered":"<p>Comunicamos com pesar o falecimento de Jo\u00e3o Roberto Nenartavis, de 72 anos. Ele estava internado em Hospital de Ribeir\u00e3o Preto em tratamento de sa\u00fade e teve complica\u00e7\u00f5es vindo a \u00f3bito na manh\u00e3 desta quinta-feira (13). Deixa a esposa Ivete, filho Alessander, dois netos, demais familiares e amigos. Jo\u00e3o tem diversos parentes aqui em Dracena. Trabalhamos [&hellip;]<\/p>\n","protected":false},"author":1,"featured_media":87090,"comment_status":"closed","ping_status":"open","sticky":false,"template":"","format":"standard","meta":{"footnotes":""},"categories":[178,110],"tags":[],"class_list":["post-87089","post","type-post","status-publish","format-standard","has-post-thumbnail","hentry","category-notadefalecimento","category-noticiasdestaque"],"_links":{"self":[{"href":"https:\/\/jorgezanoni.com.br\/2019\/wp-json\/wp\/v2\/posts\/87089","targetHints":{"allow":["GET"]}}],"collection":[{"href":"https:\/\/jorgezanoni.com.br\/2019\/wp-json\/wp\/v2\/posts"}],"about":[{"href":"https:\/\/jorgezanoni.com.br\/2019\/wp-json\/wp\/v2\/types\/post"}],"author":[{"embeddable":true,"href":"https:\/\/jorgezanoni.com.br\/2019\/wp-json\/wp\/v2\/users\/1"}],"replies":[{"embeddable":true,"href":"https:\/\/jorgezanoni.com.br\/2019\/wp-json\/wp\/v2\/comments?post=87089"}],"version-history":[{"count":1,"href":"https:\/\/jorgezanoni.com.br\/2019\/wp-json\/wp\/v2\/posts\/87089\/revisions"}],"predecessor-version":[{"id":87091,"href":"https:\/\/jorgezanoni.com.br\/2019\/wp-json\/wp\/v2\/posts\/87089\/revisions\/87091"}],"wp:featuredmedia":[{"embeddable":true,"href":"https:\/\/jorgezanoni.com.br\/2019\/wp-json\/wp\/v2\/media\/87090"}],"wp:attachment":[{"href":"https:\/\/jorgezanoni.com.br\/2019\/wp-json\/wp\/v2\/media?parent=87089"}],"wp:term":[{"taxonomy":"category","embeddable":true,"href":"https:\/\/jorgezanoni.com.br\/2019\/wp-json\/wp\/v2\/categories?post=87089"},{"taxonomy":"post_tag","embeddable":true,"href":"https:\/\/jorgezanoni.com.br\/2019\/wp-json\/wp\/v2\/tags?post=87089"}],"curies":[{"name":"wp","href":"https:\/\/api.w.org\/{rel}","templated":true}]}}