{"id":87083,"date":"2024-06-13T11:54:19","date_gmt":"2024-06-13T11:54:19","guid":{"rendered":"https:\/\/jorgezanoni.com.br\/2019\/?p=87083"},"modified":"2024-06-13T11:54:19","modified_gmt":"2024-06-13T11:54:19","slug":"policia-civil-realiza-palestra-em-comunidade-terapeutica-em-dracena","status":"publish","type":"post","link":"https:\/\/jorgezanoni.com.br\/2019\/policia-civil-realiza-palestra-em-comunidade-terapeutica-em-dracena\/","title":{"rendered":"Pol\u00edcia Civil realiza palestra em Comunidade Terap\u00eautica em Dracena"},"content":{"rendered":"<p style=\"text-align: justify;\">A Pol\u00edcia Civil, por interm\u00e9dio da Delegacia Seccional de Pol\u00edcia de Dracena, realizou nesta quarta-feira (12) uma palestra sobre Drogadi\u00e7\u00e3o na Comunidade Terap\u00eautica Pousada Bom Samaritano, localizada no bairro rural das Palmeiras, no munic\u00edpio de Dracena.<br \/>\nO encontro teve como objetivo capacitar e orientar os colaboradores da comunidade terap\u00eautica sobre a composi\u00e7\u00e3o das drogas, suas consequ\u00eancias f\u00edsicas e ps\u00edquicas no organismo, al\u00e9m de atualizar informa\u00e7\u00f5es sobre novos tipos de entorpecentes que podem causar grande impacto na sa\u00fade p\u00fablica.<br \/>\nA palestra foi ministrada pelo Agente Policial Reginaldo Rosa, que possui o curso do Denarc de Capacita\u00e7\u00e3o de Agentes Multiplicadores na Preven\u00e7\u00e3o ao Uso de Drogas e atualmente est\u00e1 cursando Pol\u00edticas de Drogas e Sociedade: Perspectivas de Discuss\u00f5es Atuais, oferecido pela Universidade Federal de Santa Catarina na modalidade a dist\u00e2ncia. Ele enfatizou a necessidade de uma abordagem multidisciplinar no tratamento da drogadi\u00e7\u00e3o, envolvendo profissionais da sa\u00fade, assist\u00eancia social e seguran\u00e7a p\u00fablica.<br \/>\nA Comunidade Terap\u00eautica Pousada Bom Samaritano \u00e9 uma entidade sem fins lucrativos, sob a coordena\u00e7\u00e3o da Congrega\u00e7\u00e3o da Pequena Obra da Divina Provid\u00eancia (Orionitas), que presta acolhimento e recupera\u00e7\u00e3o a pessoas dependentes de subst\u00e2ncias psicoativas. A idealiza\u00e7\u00e3o da palestra foi da dire\u00e7\u00e3o da entidade, que busca sempre aprimorar a capacita\u00e7\u00e3o peri\u00f3dica para seus colaboradores, visando sempre a melhoria cont\u00ednua dos servi\u00e7os prestados seus colaboradores para melhor presta\u00e7\u00e3o de servi\u00e7o \u00e0 comunidade.<br \/>\nAo final do evento o Padre Gilmar Joaquim Hermes, representando a dire\u00e7\u00e3o Comunidade Terap\u00eautica Pousada Bom Samaritano, agradeceu pelo importante conte\u00fado ministrado e pelas orienta\u00e7\u00f5es fornecidas pelo palestrante.<br \/>\nA Pol\u00edcia Civil continua empenhada em suas a\u00e7\u00f5es de preven\u00e7\u00e3o e combate ao uso de drogas, contribuindo para a sa\u00fade e seguran\u00e7a da comunidade.<\/p>\n<p><img loading=\"lazy\" decoding=\"async\" class=\"alignnone size-full wp-image-87084\" src=\"https:\/\/jorgezanoni.com.br\/2019\/wp-content\/uploads\/2024\/06\/zpc-_Pequeno_00.jpg\" alt=\"\" width=\"480\" height=\"480\" srcset=\"https:\/\/jorgezanoni.com.br\/2019\/wp-content\/uploads\/2024\/06\/zpc-_Pequeno_00.jpg 480w, https:\/\/jorgezanoni.com.br\/2019\/wp-content\/uploads\/2024\/06\/zpc-_Pequeno_00-300x300.jpg 300w, https:\/\/jorgezanoni.com.br\/2019\/wp-content\/uploads\/2024\/06\/zpc-_Pequeno_00-150x150.jpg 150w, https:\/\/jorgezanoni.com.br\/2019\/wp-content\/uploads\/2024\/06\/zpc-_Pequeno_00-420x420.jpg 420w\" sizes=\"auto, (max-width: 480px) 100vw, 480px\" \/> <img loading=\"lazy\" decoding=\"async\" class=\"alignnone size-full wp-image-87086\" src=\"https:\/\/jorgezanoni.com.br\/2019\/wp-content\/uploads\/2024\/06\/zpc2-_Pequeno_22.jpg\" alt=\"\" width=\"480\" height=\"480\" srcset=\"https:\/\/jorgezanoni.com.br\/2019\/wp-content\/uploads\/2024\/06\/zpc2-_Pequeno_22.jpg 480w, https:\/\/jorgezanoni.com.br\/2019\/wp-content\/uploads\/2024\/06\/zpc2-_Pequeno_22-300x300.jpg 300w, https:\/\/jorgezanoni.com.br\/2019\/wp-content\/uploads\/2024\/06\/zpc2-_Pequeno_22-150x150.jpg 150w, https:\/\/jorgezanoni.com.br\/2019\/wp-content\/uploads\/2024\/06\/zpc2-_Pequeno_22-420x420.jpg 420w\" sizes=\"auto, (max-width: 480px) 100vw, 480px\" \/><\/p>\n<p>Fonte: Com. Social Pol\u00edcia Civil<\/p>\n","protected":false},"excerpt":{"rendered":"<p>A Pol\u00edcia Civil, por interm\u00e9dio da Delegacia Seccional de Pol\u00edcia de Dracena, realizou nesta quarta-feira (12) uma palestra sobre Drogadi\u00e7\u00e3o na Comunidade Terap\u00eautica Pousada Bom Samaritano, localizada no bairro rural das Palmeiras, no munic\u00edpio de Dracena. O encontro teve como objetivo capacitar e orientar os colaboradores da comunidade terap\u00eautica sobre a composi\u00e7\u00e3o das drogas, suas [&hellip;]<\/p>\n","protected":false},"author":1,"featured_media":87085,"comment_status":"closed","ping_status":"open","sticky":false,"template":"","format":"standard","meta":{"footnotes":""},"categories":[110,2],"tags":[],"class_list":["post-87083","post","type-post","status-publish","format-standard","has-post-thumbnail","hentry","category-noticiasdestaque","category-policial"],"_links":{"self":[{"href":"https:\/\/jorgezanoni.com.br\/2019\/wp-json\/wp\/v2\/posts\/87083","targetHints":{"allow":["GET"]}}],"collection":[{"href":"https:\/\/jorgezanoni.com.br\/2019\/wp-json\/wp\/v2\/posts"}],"about":[{"href":"https:\/\/jorgezanoni.com.br\/2019\/wp-json\/wp\/v2\/types\/post"}],"author":[{"embeddable":true,"href":"https:\/\/jorgezanoni.com.br\/2019\/wp-json\/wp\/v2\/users\/1"}],"replies":[{"embeddable":true,"href":"https:\/\/jorgezanoni.com.br\/2019\/wp-json\/wp\/v2\/comments?post=87083"}],"version-history":[{"count":1,"href":"https:\/\/jorgezanoni.com.br\/2019\/wp-json\/wp\/v2\/posts\/87083\/revisions"}],"predecessor-version":[{"id":87087,"href":"https:\/\/jorgezanoni.com.br\/2019\/wp-json\/wp\/v2\/posts\/87083\/revisions\/87087"}],"wp:featuredmedia":[{"embeddable":true,"href":"https:\/\/jorgezanoni.com.br\/2019\/wp-json\/wp\/v2\/media\/87085"}],"wp:attachment":[{"href":"https:\/\/jorgezanoni.com.br\/2019\/wp-json\/wp\/v2\/media?parent=87083"}],"wp:term":[{"taxonomy":"category","embeddable":true,"href":"https:\/\/jorgezanoni.com.br\/2019\/wp-json\/wp\/v2\/categories?post=87083"},{"taxonomy":"post_tag","embeddable":true,"href":"https:\/\/jorgezanoni.com.br\/2019\/wp-json\/wp\/v2\/tags?post=87083"}],"curies":[{"name":"wp","href":"https:\/\/api.w.org\/{rel}","templated":true}]}}