{"id":8707,"date":"2019-10-13T16:28:05","date_gmt":"2019-10-13T16:28:05","guid":{"rendered":"https:\/\/jorgezanoni.com.br\/2019\/?p=8707"},"modified":"2019-10-13T16:29:07","modified_gmt":"2019-10-13T16:29:07","slug":"menina-cai-do-9o-andar-de-predio-no-heliopolis-regiao-norte-de-bh","status":"publish","type":"post","link":"https:\/\/jorgezanoni.com.br\/2019\/menina-cai-do-9o-andar-de-predio-no-heliopolis-regiao-norte-de-bh\/","title":{"rendered":"Menina cai do 9\u00ba andar de pr\u00e9dio, no Heli\u00f3polis, Regi\u00e3o Norte de BH"},"content":{"rendered":"<h2 class=\"content-head__subtitle\" style=\"text-align: justify;\"><strong>Fato aconteceu na madrugada deste domingo (13) na Rua Maria Manoela Braz. Ela foi socorrida inconsciente, com m\u00faltiplas fraturas e trauma no t\u00f3rax.<\/strong><\/h2>\n<div class=\"mc-column content-text active-extra-styles \" data-block-type=\"unstyled\" data-block-weight=\"31\" data-block-id=\"2\">\n<p class=\"content-text__container \" style=\"text-align: justify;\" data-track-category=\"Link no Texto\" data-track-links=\"\">Uma menina de 10 anos caiu, na madrugada deste domingo (13), do 9\u00ba andar de um pr\u00e9dio na Rua Maria Manoela Braz, no bairro Heli\u00f3polis, na Regi\u00e3o Norte de Belo Horizonte.<\/p>\n<\/div>\n<div class=\"wall protected-content\">\n<div class=\"mc-column content-text active-extra-styles \" style=\"text-align: justify;\" data-block-type=\"unstyled\" data-block-weight=\"32\" data-block-id=\"3\">\n<p class=\"content-text__container \" data-track-category=\"Link no Texto\" data-track-links=\"\">Ao chamarem o Corpo de Bombeiros, os vizinhos disseram que Clara Pereira mora com uma tia no apartamento 903 do Condom\u00ednio Mais Solares. A garota bateu no parapeito do 1\u00ba pavimento.<\/p>\n<\/div>\n<div class=\"mc-column content-text active-extra-styles \" style=\"text-align: justify;\" data-block-type=\"unstyled\" data-block-weight=\"23\" data-block-id=\"4\">\n<p class=\"content-text__container \" data-track-category=\"Link no Texto\" data-track-links=\"\">Clara foi socorrida pelo Servi\u00e7o de Atendimento M\u00e9dico de Urg\u00eancia (Samu) e levada para o Hospital de Pronto-Socorro Jo\u00e3o XXIII, na Regi\u00e3o Centro-Sul.<\/p>\n<\/div>\n<div class=\"mc-column content-text active-extra-styles \" style=\"text-align: justify;\" data-block-type=\"unstyled\" data-block-weight=\"26\" data-block-id=\"5\">\n<p class=\"content-text__container \" data-track-category=\"Link no Texto\" data-track-links=\"\">De acordo com a assessoria de imprensa da Secretaria Municipal de Sa\u00fade, respons\u00e1vel pelo Samu, a menina estava inconsciente, com m\u00faltiplas fraturas e trauma no t\u00f3rax.<\/p>\n<\/div>\n<div class=\"mc-column content-text active-extra-styles \" style=\"text-align: justify;\" data-block-type=\"unstyled\" data-block-weight=\"11\" data-block-id=\"6\">\n<p class=\"content-text__container \" data-track-category=\"Link no Texto\" data-track-links=\"\">O hospital n\u00e3o informa o estado de sa\u00fade dos seus pacientes.<\/p>\n<\/div>\n<div data-track-category=\"multicontent\" data-track-action=\"ultimo chunk conteudo\" data-track-noninteraction=\"false\" data-track-scroll=\"view\">\n<div class=\"mc-column content-text active-extra-styles \" data-block-type=\"unstyled\" data-block-weight=\"35\" data-block-id=\"7\">\n<p class=\"content-text__container \" style=\"text-align: justify;\" data-track-category=\"Link no Texto\" data-track-links=\"\">A Pol\u00edcia Civil disse que a per\u00edcia esteve no local e realizou os trabalhos. Somente depois do resultado do laudo, e encaminhamento para o delegado respons\u00e1vel, \u00e9 que se deve definir se ser\u00e1 aberto inqu\u00e9rito.<\/p>\n<p data-track-category=\"Link no Texto\" data-track-links=\"\">Fonte: G1<\/p>\n<\/div>\n<\/div>\n<\/div>\n","protected":false},"excerpt":{"rendered":"<p>Fato aconteceu na madrugada deste domingo (13) na Rua Maria Manoela Braz. Ela foi socorrida inconsciente, com m\u00faltiplas fraturas e trauma no t\u00f3rax. Uma menina de 10 anos caiu, na madrugada deste domingo (13), do 9\u00ba andar de um pr\u00e9dio na Rua Maria Manoela Braz, no bairro Heli\u00f3polis, na Regi\u00e3o Norte de Belo Horizonte. Ao [&hellip;]<\/p>\n","protected":false},"author":1,"featured_media":8708,"comment_status":"closed","ping_status":"open","sticky":false,"template":"","format":"standard","meta":{"footnotes":""},"categories":[110,2],"tags":[],"class_list":["post-8707","post","type-post","status-publish","format-standard","has-post-thumbnail","hentry","category-noticiasdestaque","category-policial"],"_links":{"self":[{"href":"https:\/\/jorgezanoni.com.br\/2019\/wp-json\/wp\/v2\/posts\/8707","targetHints":{"allow":["GET"]}}],"collection":[{"href":"https:\/\/jorgezanoni.com.br\/2019\/wp-json\/wp\/v2\/posts"}],"about":[{"href":"https:\/\/jorgezanoni.com.br\/2019\/wp-json\/wp\/v2\/types\/post"}],"author":[{"embeddable":true,"href":"https:\/\/jorgezanoni.com.br\/2019\/wp-json\/wp\/v2\/users\/1"}],"replies":[{"embeddable":true,"href":"https:\/\/jorgezanoni.com.br\/2019\/wp-json\/wp\/v2\/comments?post=8707"}],"version-history":[{"count":0,"href":"https:\/\/jorgezanoni.com.br\/2019\/wp-json\/wp\/v2\/posts\/8707\/revisions"}],"wp:featuredmedia":[{"embeddable":true,"href":"https:\/\/jorgezanoni.com.br\/2019\/wp-json\/wp\/v2\/media\/8708"}],"wp:attachment":[{"href":"https:\/\/jorgezanoni.com.br\/2019\/wp-json\/wp\/v2\/media?parent=8707"}],"wp:term":[{"taxonomy":"category","embeddable":true,"href":"https:\/\/jorgezanoni.com.br\/2019\/wp-json\/wp\/v2\/categories?post=8707"},{"taxonomy":"post_tag","embeddable":true,"href":"https:\/\/jorgezanoni.com.br\/2019\/wp-json\/wp\/v2\/tags?post=8707"}],"curies":[{"name":"wp","href":"https:\/\/api.w.org\/{rel}","templated":true}]}}