{"id":87062,"date":"2024-06-12T22:09:56","date_gmt":"2024-06-12T22:09:56","guid":{"rendered":"https:\/\/jorgezanoni.com.br\/2019\/?p=87062"},"modified":"2024-06-12T22:24:55","modified_gmt":"2024-06-12T22:24:55","slug":"acidente-entre-dois-veiculos-no-final-da-tarde-desta-quarta-feira","status":"publish","type":"post","link":"https:\/\/jorgezanoni.com.br\/2019\/acidente-entre-dois-veiculos-no-final-da-tarde-desta-quarta-feira\/","title":{"rendered":"Acidente entre dois ve\u00edculos no final da tarde desta quarta-feira"},"content":{"rendered":"<p style=\"text-align: justify;\"><strong>Acidente aconteceu na esquina da Avenida Jos\u00e9 Bonif\u00e1cio com Rua Caramuru em Dracena, por volta das 17:45 H.<\/strong><\/p>\n<p style=\"text-align: justify;\">Segundo informa\u00e7\u00f5es obtidas no local pela reportagem do SITE JZ e TOP TV., um ve\u00edculo Fiat Cronos placas de Dracena dirigido por uma mulher, fazia o sentido bairro-centro pela Avenida Jos\u00e9 Bonif\u00e1cio (via prfeferencial), quando foi colidido pelo ve\u00edculo Volkswagem SUVW placas mercosul, que fazia o sentido em dire\u00e7\u00e3o a Escola Moaccir Simardi, tamb\u00e9m conduzido por uma mulher.<\/p>\n<p style=\"text-align: justify;\">Com o impacto da batida a mulher do primeiro ve\u00edculo teve ferimentos no joelho e foi socorrida por uma Unidade de Resgate do Corpo de Bombeiros ao Pronto Atendimento Municipal. A mulher do segundo ve\u00edculo, n\u00e3o se feriu.<\/p>\n<p style=\"text-align: justify;\">A Pol\u00edcia Militar esteve no local para os levantamentos e controle do tr\u00e2nsito que devido ao hor\u00e1rio, ficou bastante complicado.<\/p>\n<p><img loading=\"lazy\" decoding=\"async\" class=\"alignnone size-full wp-image-87063\" src=\"https:\/\/jorgezanoni.com.br\/2019\/wp-content\/uploads\/2024\/06\/acid.-1-Pequeno.jpg\" alt=\"\" width=\"492\" height=\"480\" srcset=\"https:\/\/jorgezanoni.com.br\/2019\/wp-content\/uploads\/2024\/06\/acid.-1-Pequeno.jpg 492w, https:\/\/jorgezanoni.com.br\/2019\/wp-content\/uploads\/2024\/06\/acid.-1-Pequeno-300x293.jpg 300w, https:\/\/jorgezanoni.com.br\/2019\/wp-content\/uploads\/2024\/06\/acid.-1-Pequeno-431x420.jpg 431w\" sizes=\"auto, (max-width: 492px) 100vw, 492px\" \/> <img loading=\"lazy\" decoding=\"async\" class=\"alignnone size-full wp-image-87065\" src=\"https:\/\/jorgezanoni.com.br\/2019\/wp-content\/uploads\/2024\/06\/IMG_0668-Pequeno.jpg\" alt=\"\" width=\"640\" height=\"480\" srcset=\"https:\/\/jorgezanoni.com.br\/2019\/wp-content\/uploads\/2024\/06\/IMG_0668-Pequeno.jpg 640w, https:\/\/jorgezanoni.com.br\/2019\/wp-content\/uploads\/2024\/06\/IMG_0668-Pequeno-300x225.jpg 300w, https:\/\/jorgezanoni.com.br\/2019\/wp-content\/uploads\/2024\/06\/IMG_0668-Pequeno-80x60.jpg 80w, https:\/\/jorgezanoni.com.br\/2019\/wp-content\/uploads\/2024\/06\/IMG_0668-Pequeno-265x198.jpg 265w, https:\/\/jorgezanoni.com.br\/2019\/wp-content\/uploads\/2024\/06\/IMG_0668-Pequeno-560x420.jpg 560w\" sizes=\"auto, (max-width: 640px) 100vw, 640px\" \/> <img loading=\"lazy\" decoding=\"async\" class=\"alignnone size-full wp-image-87066\" src=\"https:\/\/jorgezanoni.com.br\/2019\/wp-content\/uploads\/2024\/06\/IMG_0669-Pequeno.jpg\" alt=\"\" width=\"640\" height=\"480\" srcset=\"https:\/\/jorgezanoni.com.br\/2019\/wp-content\/uploads\/2024\/06\/IMG_0669-Pequeno.jpg 640w, https:\/\/jorgezanoni.com.br\/2019\/wp-content\/uploads\/2024\/06\/IMG_0669-Pequeno-300x225.jpg 300w, https:\/\/jorgezanoni.com.br\/2019\/wp-content\/uploads\/2024\/06\/IMG_0669-Pequeno-80x60.jpg 80w, https:\/\/jorgezanoni.com.br\/2019\/wp-content\/uploads\/2024\/06\/IMG_0669-Pequeno-265x198.jpg 265w, https:\/\/jorgezanoni.com.br\/2019\/wp-content\/uploads\/2024\/06\/IMG_0669-Pequeno-560x420.jpg 560w\" sizes=\"auto, (max-width: 640px) 100vw, 640px\" \/><\/p>\n<p>Jorge Zanoni<\/p>\n<p>Fotos: Jorge Zanoni e Internauta<\/p>\n","protected":false},"excerpt":{"rendered":"<p>Acidente aconteceu na esquina da Avenida Jos\u00e9 Bonif\u00e1cio com Rua Caramuru em Dracena, por volta das 17:45 H. Segundo informa\u00e7\u00f5es obtidas no local pela reportagem do SITE JZ e TOP TV., um ve\u00edculo Fiat Cronos placas de Dracena dirigido por uma mulher, fazia o sentido bairro-centro pela Avenida Jos\u00e9 Bonif\u00e1cio (via prfeferencial), quando foi colidido [&hellip;]<\/p>\n","protected":false},"author":1,"featured_media":87064,"comment_status":"closed","ping_status":"open","sticky":false,"template":"","format":"standard","meta":{"footnotes":""},"categories":[170,110],"tags":[],"class_list":["post-87062","post","type-post","status-publish","format-standard","has-post-thumbnail","hentry","category-acidentes","category-noticiasdestaque"],"_links":{"self":[{"href":"https:\/\/jorgezanoni.com.br\/2019\/wp-json\/wp\/v2\/posts\/87062","targetHints":{"allow":["GET"]}}],"collection":[{"href":"https:\/\/jorgezanoni.com.br\/2019\/wp-json\/wp\/v2\/posts"}],"about":[{"href":"https:\/\/jorgezanoni.com.br\/2019\/wp-json\/wp\/v2\/types\/post"}],"author":[{"embeddable":true,"href":"https:\/\/jorgezanoni.com.br\/2019\/wp-json\/wp\/v2\/users\/1"}],"replies":[{"embeddable":true,"href":"https:\/\/jorgezanoni.com.br\/2019\/wp-json\/wp\/v2\/comments?post=87062"}],"version-history":[{"count":2,"href":"https:\/\/jorgezanoni.com.br\/2019\/wp-json\/wp\/v2\/posts\/87062\/revisions"}],"predecessor-version":[{"id":87068,"href":"https:\/\/jorgezanoni.com.br\/2019\/wp-json\/wp\/v2\/posts\/87062\/revisions\/87068"}],"wp:featuredmedia":[{"embeddable":true,"href":"https:\/\/jorgezanoni.com.br\/2019\/wp-json\/wp\/v2\/media\/87064"}],"wp:attachment":[{"href":"https:\/\/jorgezanoni.com.br\/2019\/wp-json\/wp\/v2\/media?parent=87062"}],"wp:term":[{"taxonomy":"category","embeddable":true,"href":"https:\/\/jorgezanoni.com.br\/2019\/wp-json\/wp\/v2\/categories?post=87062"},{"taxonomy":"post_tag","embeddable":true,"href":"https:\/\/jorgezanoni.com.br\/2019\/wp-json\/wp\/v2\/tags?post=87062"}],"curies":[{"name":"wp","href":"https:\/\/api.w.org\/{rel}","templated":true}]}}