{"id":87022,"date":"2024-06-11T11:29:00","date_gmt":"2024-06-11T11:29:00","guid":{"rendered":"https:\/\/jorgezanoni.com.br\/2019\/?p=87022"},"modified":"2024-06-11T11:29:00","modified_gmt":"2024-06-11T11:29:00","slug":"policia-militar-prende-homem-por-adulteracao-de-identificacao-de-veiculo-automotor-porte-e-posse-de-drogas-em-dracena","status":"publish","type":"post","link":"https:\/\/jorgezanoni.com.br\/2019\/policia-militar-prende-homem-por-adulteracao-de-identificacao-de-veiculo-automotor-porte-e-posse-de-drogas-em-dracena\/","title":{"rendered":"Pol\u00edcia Militar prende homem por adultera\u00e7\u00e3o de identifica\u00e7\u00e3o de ve\u00edculo automotor, porte e posse de Drogas em Dracena"},"content":{"rendered":"<p style=\"text-align: justify;\">Na data de (09), por volta das 17h30 min, policiais militares do 25\u00ba Batalh\u00e3o de Pol\u00edcia Militar do Interior, durante patrulhamento de For\u00e7a T\u00e1tica avistaram uma motocicleta Honda\/NX4 Falcon com dois ocupantes. Diante de in\u00fameras den\u00fancias acerca do ve\u00edculo foi realizada a abordagem ao indiv\u00edduo masculino, 28 anos e durante busca pessoal foi localizado um cigarro de maconha, indagado o indiv\u00edduo alegou que teria mais droga em sua resid\u00eancia. Feito busca na resid\u00eancia e localizado uma por\u00e7\u00e3o de maconha e uma balan\u00e7a de precis\u00e3o. Ap\u00f3s fiscaliza\u00e7\u00e3o na motocicleta, foi constatado que a placa era adulterada.<br \/>\nDiante dos fatos, o indiv\u00edduo foi conduzido ao Plant\u00e3o Policial de Dracena permanecendo \u00e0 disposi\u00e7\u00e3o da Justi\u00e7a.<\/p>\n<p>Fonte: Com. Social Pol\u00edcia Militar<\/p>\n","protected":false},"excerpt":{"rendered":"<p>Na data de (09), por volta das 17h30 min, policiais militares do 25\u00ba Batalh\u00e3o de Pol\u00edcia Militar do Interior, durante patrulhamento de For\u00e7a T\u00e1tica avistaram uma motocicleta Honda\/NX4 Falcon com dois ocupantes. Diante de in\u00fameras den\u00fancias acerca do ve\u00edculo foi realizada a abordagem ao indiv\u00edduo masculino, 28 anos e durante busca pessoal foi localizado um [&hellip;]<\/p>\n","protected":false},"author":1,"featured_media":87023,"comment_status":"closed","ping_status":"open","sticky":false,"template":"","format":"standard","meta":{"footnotes":""},"categories":[110,2],"tags":[],"class_list":["post-87022","post","type-post","status-publish","format-standard","has-post-thumbnail","hentry","category-noticiasdestaque","category-policial"],"_links":{"self":[{"href":"https:\/\/jorgezanoni.com.br\/2019\/wp-json\/wp\/v2\/posts\/87022","targetHints":{"allow":["GET"]}}],"collection":[{"href":"https:\/\/jorgezanoni.com.br\/2019\/wp-json\/wp\/v2\/posts"}],"about":[{"href":"https:\/\/jorgezanoni.com.br\/2019\/wp-json\/wp\/v2\/types\/post"}],"author":[{"embeddable":true,"href":"https:\/\/jorgezanoni.com.br\/2019\/wp-json\/wp\/v2\/users\/1"}],"replies":[{"embeddable":true,"href":"https:\/\/jorgezanoni.com.br\/2019\/wp-json\/wp\/v2\/comments?post=87022"}],"version-history":[{"count":1,"href":"https:\/\/jorgezanoni.com.br\/2019\/wp-json\/wp\/v2\/posts\/87022\/revisions"}],"predecessor-version":[{"id":87024,"href":"https:\/\/jorgezanoni.com.br\/2019\/wp-json\/wp\/v2\/posts\/87022\/revisions\/87024"}],"wp:featuredmedia":[{"embeddable":true,"href":"https:\/\/jorgezanoni.com.br\/2019\/wp-json\/wp\/v2\/media\/87023"}],"wp:attachment":[{"href":"https:\/\/jorgezanoni.com.br\/2019\/wp-json\/wp\/v2\/media?parent=87022"}],"wp:term":[{"taxonomy":"category","embeddable":true,"href":"https:\/\/jorgezanoni.com.br\/2019\/wp-json\/wp\/v2\/categories?post=87022"},{"taxonomy":"post_tag","embeddable":true,"href":"https:\/\/jorgezanoni.com.br\/2019\/wp-json\/wp\/v2\/tags?post=87022"}],"curies":[{"name":"wp","href":"https:\/\/api.w.org\/{rel}","templated":true}]}}