{"id":8701,"date":"2019-10-13T16:14:09","date_gmt":"2019-10-13T16:14:09","guid":{"rendered":"https:\/\/jorgezanoni.com.br\/2019\/?p=8701"},"modified":"2019-10-13T16:14:09","modified_gmt":"2019-10-13T16:14:09","slug":"irma-dulce-e-canonizada-pelo-papa-francisco-e-se-torna-a-primeira-santa-brasileira","status":"publish","type":"post","link":"https:\/\/jorgezanoni.com.br\/2019\/irma-dulce-e-canonizada-pelo-papa-francisco-e-se-torna-a-primeira-santa-brasileira\/","title":{"rendered":"Irm\u00e3 Dulce \u00e9 canonizada pelo Papa Francisco e se torna a primeira santa brasileira"},"content":{"rendered":"<h2 class=\"content-head__subtitle\" style=\"text-align: justify;\"><strong>Baiana passa a se chamar Santa Dulce dos Pobres. Cerim\u00f4nia foi realizada na manh\u00e3 deste domingo (13) em missa no Vaticano.<\/strong><\/h2>\n<div class=\"mc-column content-text active-extra-styles \" data-block-type=\"unstyled\" data-block-weight=\"38\" data-block-id=\"3\">\n<p class=\"content-text__container \" style=\"text-align: justify;\" data-track-category=\"Link no Texto\" data-track-links=\"\">Santa Dulce dos Pobres. \u00c9 assim que Irm\u00e3 Dulce passa a ser chamada ap\u00f3s a cerim\u00f4nia de canoniza\u00e7\u00e3o que a tornou santa na manh\u00e3 deste domingo (13) na Pra\u00e7a de S\u00e3o Pedro, no Vaticano, lotada de fi\u00e9is.<\/p>\n<\/div>\n<div class=\"wall protected-content\">\n<div class=\"mc-column content-text active-extra-styles \" style=\"text-align: justify;\" data-block-type=\"unstyled\" data-block-weight=\"31\" data-block-id=\"4\">\n<p class=\"content-text__container \" data-track-category=\"Link no Texto\" data-track-links=\"\">A santa, conhecida popularmente como Anjo Bom da Bahia, foi uma das religiosas mais populares do Brasil gra\u00e7as ao trabalho social prestado aos mais pobres e necessitados, principalmente na Bahia.<\/p>\n<\/div>\n<div class=\"mc-column content-text active-extra-styles\" style=\"text-align: justify;\" data-block-type=\"raw\" data-block-weight=\"28\" data-block-id=\"5\">\n<ul class=\"content-unordered-list\">\n<li><a href=\"https:\/\/g1.globo.com\/ba\/bahia\/irma-dulce\/noticia\/2019\/10\/13\/canonizacao-de-irma-dulce-no-vaticano-fotos.ghtml\">Veja fotos da cerim\u00f4nia de canoniza\u00e7\u00e3o<\/a><\/li>\n<li><a href=\"https:\/\/g1.globo.com\/ba\/bahia\/playlist\/videos-cerimonia-de-canonizacao-de-irma-dulce.ghtml\">V\u00eddeos mostram momentos importantes da missa<\/a><\/li>\n<li><a href=\"https:\/\/g1.globo.com\/ba\/bahia\/noticia\/2019\/08\/13\/g1-lista-13-curiosidades-sobre-a-futura-santa-dulce-dos-pobres.ghtml\">Conhe\u00e7a 13 curiosidades sobre a santa<\/a><\/li>\n<li><a href=\"https:\/\/g1.globo.com\/ba\/bahia\/irma-dulce\/noticia\/2019\/10\/13\/veja-como-ficou-a-oracao-a-irma-dulce-apos-a-canonizacao.ghtml\">Saiba como ficou a ora\u00e7\u00e3o de Irm\u00e3 Dulce ap\u00f3s canoniza\u00e7\u00e3o<\/a><\/li>\n<\/ul>\n<\/div>\n<div class=\"mc-column content-text active-extra-styles \" data-block-type=\"unstyled\" data-block-weight=\"43\" data-block-id=\"6\">\n<p class=\"content-text__container \" style=\"text-align: justify;\" data-track-category=\"Link no Texto\" data-track-links=\"\">O Vaticano considera que Santa Dulce dos Pobres \u00e9 a primeira santa brasileira. Embora outras brasileiras e uma religiosa que atuou no pa\u00eds tenham sido canonizadas pela Igreja Cat\u00f3lica anteriormente,\u00a0<a href=\"https:\/\/g1.globo.com\/ba\/bahia\/irma-dulce\/noticia\/2019\/10\/12\/entenda-porque-o-vaticano-considera-irma-dulce-a-primeira-santa-brasileira.ghtml\">irm\u00e3 Dulce \u00e9 a primeira mulher nascida no Brasil\u00a0<\/a>que teve milagres reconhecidos.<\/p>\n<p style=\"text-align: justify;\" data-track-category=\"Link no Texto\" data-track-links=\"\"><img loading=\"lazy\" decoding=\"async\" class=\"alignnone size-full wp-image-8702\" src=\"https:\/\/jorgezanoni.com.br\/2019\/wp-content\/uploads\/2019\/10\/santa-dulce1.jpg\" alt=\"\" width=\"1000\" height=\"563\" srcset=\"https:\/\/jorgezanoni.com.br\/2019\/wp-content\/uploads\/2019\/10\/santa-dulce1.jpg 1000w, https:\/\/jorgezanoni.com.br\/2019\/wp-content\/uploads\/2019\/10\/santa-dulce1-300x169.jpg 300w, https:\/\/jorgezanoni.com.br\/2019\/wp-content\/uploads\/2019\/10\/santa-dulce1-768x432.jpg 768w, https:\/\/jorgezanoni.com.br\/2019\/wp-content\/uploads\/2019\/10\/santa-dulce1-696x392.jpg 696w, https:\/\/jorgezanoni.com.br\/2019\/wp-content\/uploads\/2019\/10\/santa-dulce1-746x420.jpg 746w\" sizes=\"auto, (max-width: 1000px) 100vw, 1000px\" \/>Imagem de Santa Dulce dos Pobres na fachada da Bas\u00edlica de S\u00e3o Pedro durante a cerim\u00f4nia de canoniza\u00e7\u00e3o \u2014 Foto: Reprodu\u00e7\u00e3o\/TV Globo<\/p>\n<div class=\"mc-column content-text active-extra-styles \" style=\"text-align: justify;\" data-block-type=\"unstyled\" data-block-weight=\"35\" data-block-id=\"9\">\n<p class=\"content-text__container \" data-track-category=\"Link no Texto\" data-track-links=\"\">Outros quatro beatos, de diferentes nacionalidades, tamb\u00e9m foram canonizados por Papa Francisco \u00e0s 10h34 (5h34 no hor\u00e1rio de Bras\u00edlia) deste domingo (<em>leia mais abaixo<\/em>). De acordo com o Vaticano, 50 mil pessoas participaram da cerim\u00f4nia.<\/p>\n<\/div>\n<div class=\"mc-column content-text active-extra-styles \" data-block-type=\"unstyled\" data-block-weight=\"73\" data-block-id=\"10\">\n<p class=\"content-text__container \" style=\"text-align: justify;\" data-track-category=\"Link no Texto\" data-track-links=\"\">&#8220;Em honra da Sant\u00edssima Trindade, pela exalta\u00e7\u00e3o da f\u00e9 cat\u00f3lica e para incremento da vida crist\u00e3, com autoridade de nosso senhor Jesus Cristo, os santos ap\u00f3stolos Pedro e Paulo, depois de haver refletido longamente, ter invocado a ajuda divina e escutado o parecer de muitos irm\u00e3os do episcopado, declaramos e definimos santos os beatos: John Henry Newman, Giuseppina Vannini, Mariam Thresia Chiramel, Dulce Lopes Pontes e Marguerite Bauys&#8221;, declarou o Papa, em latim.<\/p>\n<div class=\"mc-column content-text active-extra-styles\" style=\"text-align: justify;\" data-block-type=\"raw\" data-block-weight=\"6\" data-block-id=\"13\">\n<div class=\"content-intertitle\">\n<h2>Papa pede intercess\u00e3o de outros santos<\/h2>\n<\/div>\n<\/div>\n<div class=\"mc-column content-text active-extra-styles \" style=\"text-align: justify;\" data-block-type=\"unstyled\" data-block-weight=\"52\" data-block-id=\"14\">\n<p class=\"content-text__container \" data-track-category=\"Link no Texto\" data-track-links=\"\">O chamado &#8220;rito de canoniza\u00e7\u00e3o&#8221; ocorreu na missa de domingo celebrada pelo Papa. Ap\u00f3s um canto de entrada, o Papa abriu a celebra\u00e7\u00e3o e, em seguida, houve um canto de \u201cinvoca\u00e7\u00e3o do Esp\u00edrito Santo\u201d. O ato \u00e9 uma forma de pedir a Deus que o ajude a tomar uma decis\u00e3o acertada.<\/p>\n<\/div>\n<div class=\"mc-column content-text active-extra-styles \" data-block-type=\"unstyled\" data-block-weight=\"57\" data-block-id=\"15\">\n<p class=\"content-text__container \" style=\"text-align: justify;\" data-track-category=\"Link no Texto\" data-track-links=\"\">Depois, em uma &#8220;ladainha&#8221; \u2014 uma ora\u00e7\u00e3o cantada \u2014, a Igreja invocou a intercess\u00e3o de todos os outros santos. Em seguida, foi lida a f\u00f3rmula de canoniza\u00e7\u00e3o. Depois da leitura da f\u00f3rmula, em latim, os cinco beatos foram considerados santos. A partir da\u00ed, houve um canto de comemora\u00e7\u00e3o e a missa seguiu como ocorre nos demais domingos.<\/p>\n<p style=\"text-align: justify;\" data-track-category=\"Link no Texto\" data-track-links=\"\"><img loading=\"lazy\" decoding=\"async\" class=\"alignnone size-full wp-image-8703\" src=\"https:\/\/jorgezanoni.com.br\/2019\/wp-content\/uploads\/2019\/10\/santa-Dulce2.jpg\" alt=\"\" width=\"1000\" height=\"563\" srcset=\"https:\/\/jorgezanoni.com.br\/2019\/wp-content\/uploads\/2019\/10\/santa-Dulce2.jpg 1000w, https:\/\/jorgezanoni.com.br\/2019\/wp-content\/uploads\/2019\/10\/santa-Dulce2-300x169.jpg 300w, https:\/\/jorgezanoni.com.br\/2019\/wp-content\/uploads\/2019\/10\/santa-Dulce2-768x432.jpg 768w, https:\/\/jorgezanoni.com.br\/2019\/wp-content\/uploads\/2019\/10\/santa-Dulce2-696x392.jpg 696w, https:\/\/jorgezanoni.com.br\/2019\/wp-content\/uploads\/2019\/10\/santa-Dulce2-746x420.jpg 746w\" sizes=\"auto, (max-width: 1000px) 100vw, 1000px\" \/>Pra\u00e7a de S\u00e3o Pedro, no Vaticano, lotada de fi\u00e9is antes do in\u00edcio da missa de canoniza\u00e7\u00e3o de Irm\u00e3 Dulce \u2014 Foto: Reprodu\u00e7\u00e3o\/GloboNews<\/p>\n<div class=\"mc-column content-text active-extra-styles \" style=\"text-align: justify;\" data-block-type=\"unstyled\" data-block-weight=\"6\" data-block-id=\"17\">\n<p class=\"content-text__container \" data-track-category=\"Link no Texto\" data-track-links=\"\">Al\u00e9m de Irm\u00e3 Dulce, foram canonizados:<\/p>\n<\/div>\n<div class=\"mc-column content-text active-extra-styles\" style=\"text-align: justify;\" data-block-type=\"raw\" data-block-weight=\"33\" data-block-id=\"18\">\n<ul class=\"content-unordered-list\">\n<li>o te\u00f3logo e cardeal ingl\u00eas John Henry Newmann, um dos principais intelectuais crist\u00e3os do s\u00e9culo 19;<\/li>\n<li>a religiosa italiana Giuseppina Vannini;<\/li>\n<li>a religiosa indiana Mariam Thresia Chiramel Mankidiyan;<\/li>\n<li>a catequista su\u00ed\u00e7a Margherita Bays.<\/li>\n<\/ul>\n<\/div>\n<div class=\"mc-column content-text active-extra-styles \" style=\"text-align: justify;\" data-block-type=\"unstyled\" data-block-weight=\"35\" data-block-id=\"19\">\n<p class=\"content-text__container \" data-track-category=\"Link no Texto\" data-track-links=\"\">Na\u00a0<a href=\"https:\/\/g1.globo.com\/ba\/bahia\/irma-dulce\/noticia\/2019\/10\/13\/papa-francisco-canoniza-irma-dulce-e-diz-que-santos-fazem-caminho-de-amor-nas-periferias-do-mundo.ghtml\">homilia da missa de canoniza\u00e7\u00e3o<\/a>, o Papa Francisco afirmou que as pessoas que se dedicam ao servi\u00e7o dos mais pobres na vida religiosa fizeram &#8220;um caminho de amor nas periferias existenciais do mundo&#8221;.<\/p>\n<\/div>\n<div class=\"mc-column content-text active-extra-styles \" style=\"text-align: justify;\" data-block-type=\"unstyled\" data-block-weight=\"36\" data-block-id=\"20\">\n<p class=\"content-text__container \" data-track-category=\"Link no Texto\" data-track-links=\"\">Francisco disse que, como os leprosos citados nos textos b\u00edblicos, &#8220;todos n\u00f3s precisamos de cura&#8221; e somente Jesus oferece essa cura. Por isso, segundo ele, \u00e9 preciso rezar, pois &#8220;a ora\u00e7\u00e3o \u00e9 o rem\u00e9dio da alma&#8221;.<\/p>\n<\/div>\n<div class=\"mc-column content-text active-extra-styles \" style=\"text-align: justify;\" data-block-type=\"unstyled\" data-block-weight=\"37\" data-block-id=\"22\">\n<p class=\"content-text__container \" data-track-category=\"Link no Texto\" data-track-links=\"\">A cerim\u00f4nia foi acompanhada por autoridades brasileiras como o vice-presidente, Hamilton Mour\u00e3o; o governador da Bahia, Rui Costa; o prefeito de Salvador, ACM Neto; e os presidentes da C\u00e2mara, Rodrigo Maia, e do Senado, Davi Alcolumbre.<\/p>\n<\/div>\n<div class=\"mc-column content-text active-extra-styles \" style=\"text-align: justify;\" data-block-type=\"unstyled\" data-block-weight=\"22\" data-block-id=\"23\">\n<p class=\"content-text__container \" data-track-category=\"Link no Texto\" data-track-links=\"\">O pr\u00edncipe Charles, do Reino Unido, tamb\u00e9m participou da missa (<em>veja v\u00eddeo abaixo<\/em>). Um dos santos que estavam sendo canonizados \u00e9 brit\u00e2nico.<\/p>\n<\/div>\n<div class=\"mc-column content-text active-extra-styles \" data-block-type=\"unstyled\" data-block-weight=\"27\" data-block-id=\"24\">\n<p class=\"content-text__container \" style=\"text-align: justify;\" data-track-category=\"Link no Texto\" data-track-links=\"\">Antes da missa, a cantora baiana Margareth Menezes, o padre Antonio Maria e o sanfoneiro cearense Waldonys tocaram e cantaram no altar a m\u00fasica oficial da canoniza\u00e7\u00e3o.<\/p>\n<div class=\"mc-column content-text active-extra-styles\" style=\"text-align: justify;\" data-block-type=\"raw\" data-block-weight=\"5\" data-block-id=\"25\">\n<div class=\"content-intertitle\">\n<h2>Beatifica\u00e7\u00e3o e caminhos para canoniza\u00e7\u00e3o<\/h2>\n<\/div>\n<\/div>\n<div class=\"mc-column content-text active-extra-styles \" style=\"text-align: justify;\" data-block-type=\"unstyled\" data-block-weight=\"48\" data-block-id=\"26\">\n<p class=\"content-text__container \" data-track-category=\"Link no Texto\" data-track-links=\"\"><a href=\"http:\/\/g1.globo.com\/bahia\/noticia\/2011\/05\/irma-dulce-e-beatificada-em-salvador.html\">Irm\u00e3 Dulce foi beatificada em 2011<\/a>, ap\u00f3s ter o primeiro milagre reconhecido. A gra\u00e7a alcan\u00e7ada foi a recupera\u00e7\u00e3o de uma paciente que teve uma grave hemorragia p\u00f3s-parto e cujo sangramento subitamente parou, sem interven\u00e7\u00e3o m\u00e9dica. Ap\u00f3s beatificada, Dulce Lopes Pontes passou a ser chamada &#8220;Bem-aventurada Dulce dos Pobres&#8221;.<\/p>\n<\/div>\n<div class=\"mc-column content-text active-extra-styles \" style=\"text-align: justify;\" data-block-type=\"unstyled\" data-block-weight=\"60\" data-block-id=\"27\">\n<p class=\"content-text__container \" data-track-category=\"Link no Texto\" data-track-links=\"\">Para ser considerada santa, Irm\u00e3 Dulce precisaria ter um\u00a0<a href=\"https:\/\/g1.globo.com\/ba\/bahia\/noticia\/2019\/05\/14\/milagre-atribuido-a-irma-dulce-e-reconhecido-em-decreto-e-ela-sera-proclamada-santa-informa-vaticano.ghtml\">segundo milagre reconhecido<\/a>, o que ocorreu em maio deste ano. O miraculado, o maestro soteropolitano Jos\u00e9 Maur\u00edcio,<a href=\"https:\/\/g1.globo.com\/ba\/bahia\/irma-dulce\/noticia\/2019\/10\/12\/baiano-que-recuperou-a-visao-apos-orar-para-irma-dulce-tem-nervo-otico-danificado-medicina-nao-explica-cura.ghtml\">\u00a0voltou a enxergar ap\u00f3s fazer uma ora\u00e7\u00e3o<\/a>\u00a0para a ent\u00e3o beata. Ele teve glaucoma e come\u00e7ou a perder a vis\u00e3o em 1999. Em 2000, ele j\u00e1 estava cego, mas em 2014 voltou a enxergar.<\/p>\n<\/div>\n<div class=\"mc-column content-text active-extra-styles \" data-block-type=\"unstyled\" data-block-weight=\"28\" data-block-id=\"28\">\n<p class=\"content-text__container \" style=\"text-align: justify;\" data-track-category=\"Link no Texto\" data-track-links=\"\"><a href=\"https:\/\/g1.globo.com\/ba\/bahia\/irma-dulce\/noticia\/2019\/10\/12\/baiano-que-recuperou-a-visao-apos-orar-para-irma-dulce-tem-nervo-otico-danificado-medicina-nao-explica-cura.ghtml\">Jos\u00e9 Maur\u00edcio foi ao Vaticano<\/a> para acompanhar a cerim\u00f4nia de beatifica\u00e7\u00e3o e chegou a receber a b\u00ean\u00e7\u00e3o de Papa Francisco durante a missa de canoniza\u00e7\u00e3o.<\/p>\n<div class=\"mc-column content-text active-extra-styles \" style=\"text-align: justify;\" data-block-type=\"unstyled\" data-block-weight=\"31\" data-block-id=\"31\">\n<p class=\"content-text__container \" data-track-category=\"Link no Texto\" data-track-links=\"\">Al\u00e9m do milagre recebido por Jos\u00e9 Maur\u00edcio, outras duas gra\u00e7as alcan\u00e7adas por devotos ap\u00f3s ora\u00e7\u00f5es a Irm\u00e3 Dulce estavam sendo analisadas pelo Vaticano para o processo de canoniza\u00e7\u00e3o da religiosa.<\/p>\n<\/div>\n<div class=\"mc-column content-text active-extra-styles \" style=\"text-align: justify;\" data-block-type=\"unstyled\" data-block-weight=\"36\" data-block-id=\"32\">\n<p class=\"content-text__container \" data-track-category=\"Link no Texto\" data-track-links=\"\">Os tr\u00eas casos foram enviados ao Vaticano pelas Obras Sociais Irm\u00e3 Dulce (OSID), em 2014, ap\u00f3s an\u00e1lise de profissionais da pr\u00f3pria institui\u00e7\u00e3o. Os outros dois milagres que ainda n\u00e3o foram confirmados pelo Vaticano continuam sendo analisados.<\/p>\n<\/div>\n<div class=\"mc-column content-text active-extra-styles \" data-block-type=\"unstyled\" data-block-weight=\"31\" data-block-id=\"33\">\n<p class=\"content-text__container \" style=\"text-align: justify;\" data-track-category=\"Link no Texto\" data-track-links=\"\">O Vaticano tem quatro exig\u00eancias quanto \u00e0 veracidade de uma gra\u00e7a, at\u00e9 ser considerada milagre: ser preternatural (a ci\u00eancia n\u00e3o consegue explicar), instant\u00e2neo (acontecer imediatamente ap\u00f3s a ora\u00e7\u00e3o), duradouro e perfeito.<\/p>\n<p style=\"text-align: justify;\" data-track-category=\"Link no Texto\" data-track-links=\"\"><img loading=\"lazy\" decoding=\"async\" class=\"alignnone size-full wp-image-8704\" src=\"https:\/\/jorgezanoni.com.br\/2019\/wp-content\/uploads\/2019\/10\/santa-Dulce3.jpg\" alt=\"\" width=\"1000\" height=\"667\" srcset=\"https:\/\/jorgezanoni.com.br\/2019\/wp-content\/uploads\/2019\/10\/santa-Dulce3.jpg 1000w, https:\/\/jorgezanoni.com.br\/2019\/wp-content\/uploads\/2019\/10\/santa-Dulce3-300x200.jpg 300w, https:\/\/jorgezanoni.com.br\/2019\/wp-content\/uploads\/2019\/10\/santa-Dulce3-768x512.jpg 768w, https:\/\/jorgezanoni.com.br\/2019\/wp-content\/uploads\/2019\/10\/santa-Dulce3-696x464.jpg 696w, https:\/\/jorgezanoni.com.br\/2019\/wp-content\/uploads\/2019\/10\/santa-Dulce3-630x420.jpg 630w\" sizes=\"auto, (max-width: 1000px) 100vw, 1000px\" \/>O Papa Francisco celebra a missa de canoniza\u00e7\u00e3o na Pra\u00e7a de S\u00e3o Pedro, no Vaticano, neste domingo (13) \u2014 Foto: Alberto Pizzoli\/AFP<\/p>\n<div class=\"mc-column content-text active-extra-styles\" style=\"text-align: justify;\" data-block-type=\"raw\" data-block-weight=\"4\" data-block-id=\"35\">\n<div class=\"content-intertitle\">\n<h2>Trajet\u00f3ria de Irm\u00e3 Dulce<\/h2>\n<\/div>\n<\/div>\n<div class=\"mc-column content-text active-extra-styles\" data-block-type=\"raw\" data-block-weight=\"316\" data-block-id=\"37\">\n<ul class=\"content-unordered-list\" style=\"text-align: justify;\">\n<li>Nasceu em 26 de maio de 1914, em Salvador<\/li>\n<li>Quando ela tinha 7 anos, sua m\u00e3e morreu<\/li>\n<li>Aos 13 anos, ela acolhia mendigos e doentes na casa onde morava com o pai e os irm\u00e3os, no bairro de Nazar\u00e9, na capital baiana<\/li>\n<li>A vida religiosa come\u00e7ou aos 18 anos, quando, ap\u00f3s se formar como professora prim\u00e1ria, ela ingressou na Congrega\u00e7\u00e3o das Irm\u00e3s Mission\u00e1rias da Imaculada Concei\u00e7\u00e3o da M\u00e3e de Deus<\/li>\n<li>Somente aos 19 anos, mais especificamente em 13 de agosto de 1933, recebeu o h\u00e1bito de freira e adotou o nome de Irm\u00e3 Dulce em homenagem \u00e0 m\u00e3e, que se chamava Dulce Maria; naquele mesmo m\u00eas, ela viveu 6 meses em S\u00e3o Cristov\u00e3o (SE) e depois voltou para Salvador<\/li>\n<li>No ano de 1935, iniciou a assist\u00eancia \u00e0 comunidade carente, sobretudo nos Alagados, conjunto de palafitas que foi formado no bairro de Itapagipe, na capital baiana<\/li>\n<li>Em 1939, Irm\u00e3 Dulce invadiu cinco casas, em um local de Salvador conhecido como Ilha dos Ratos. Nos im\u00f3veis, ela acolhia enfermos e desabrigados<\/li>\n<li>Ainda na d\u00e9cada de 30, ajudou oper\u00e1rios do bairro de Itapagipe, em Salvador, a formarem a Uni\u00e3o Oper\u00e1ria S\u00e3o Francisco. Logo depois, juntamente com Frei Hildebrando Kruthaup, fundou o C\u00edrculo Oper\u00e1rio da Bahia<\/li>\n<li>Junto aos trabalhadores, ela inaugurou um col\u00e9gio para os filhos dos oper\u00e1rios e ainda ajudou a fundar os cinemas Plataforma e S\u00e3o Caetano, al\u00e9m do Cine Teatro Roma; a renda obtida nos cinemas contribu\u00eda para a manuten\u00e7\u00e3o do C\u00edrculo Oper\u00e1rio<\/li>\n<li>Na d\u00e9cada de 60 transformou um galinheiro do Convento de Santo Ant\u00f4nio em albergue. Mais tarde, o lugar deu origem ao Hospital Santo Ant\u00f4nio, no Largo de Roma, em Salvador, e as Obras Sociais que levam o nome dela<\/li>\n<li>Em 13 de mar\u00e7o de 1992, faleceu em Salvador na Bahia<\/li>\n<li>Em 2011, foi nomeada beata<\/li>\n<li>Em 13 de outubro de 2019 foi canonizada e se tornou santa com o nome Santa Dulce dos Pobre<\/li>\n<\/ul>\n<p style=\"text-align: justify;\">Fonte: https:\/\/g1.globo.com\/ba\/bahia\/irma-dulce\/noticia\/2019\/10\/13\/irma-dulce-e-canonizada-pelo-papa-francisco-em-missa-no-vaticano.ghtml<\/p>\n<\/div>\n<\/div>\n<\/div>\n<\/div>\n<\/div>\n<\/div>\n<\/div>\n<\/div>\n","protected":false},"excerpt":{"rendered":"<p>Baiana passa a se chamar Santa Dulce dos Pobres. Cerim\u00f4nia foi realizada na manh\u00e3 deste domingo (13) em missa no Vaticano. Santa Dulce dos Pobres. \u00c9 assim que Irm\u00e3 Dulce passa a ser chamada ap\u00f3s a cerim\u00f4nia de canoniza\u00e7\u00e3o que a tornou santa na manh\u00e3 deste domingo (13) na Pra\u00e7a de S\u00e3o Pedro, no Vaticano, [&hellip;]<\/p>\n","protected":false},"author":1,"featured_media":8705,"comment_status":"closed","ping_status":"open","sticky":false,"template":"","format":"standard","meta":{"footnotes":""},"categories":[110,118],"tags":[],"class_list":["post-8701","post","type-post","status-publish","format-standard","has-post-thumbnail","hentry","category-noticiasdestaque","category-religiaoesolidariedade"],"_links":{"self":[{"href":"https:\/\/jorgezanoni.com.br\/2019\/wp-json\/wp\/v2\/posts\/8701","targetHints":{"allow":["GET"]}}],"collection":[{"href":"https:\/\/jorgezanoni.com.br\/2019\/wp-json\/wp\/v2\/posts"}],"about":[{"href":"https:\/\/jorgezanoni.com.br\/2019\/wp-json\/wp\/v2\/types\/post"}],"author":[{"embeddable":true,"href":"https:\/\/jorgezanoni.com.br\/2019\/wp-json\/wp\/v2\/users\/1"}],"replies":[{"embeddable":true,"href":"https:\/\/jorgezanoni.com.br\/2019\/wp-json\/wp\/v2\/comments?post=8701"}],"version-history":[{"count":0,"href":"https:\/\/jorgezanoni.com.br\/2019\/wp-json\/wp\/v2\/posts\/8701\/revisions"}],"wp:featuredmedia":[{"embeddable":true,"href":"https:\/\/jorgezanoni.com.br\/2019\/wp-json\/wp\/v2\/media\/8705"}],"wp:attachment":[{"href":"https:\/\/jorgezanoni.com.br\/2019\/wp-json\/wp\/v2\/media?parent=8701"}],"wp:term":[{"taxonomy":"category","embeddable":true,"href":"https:\/\/jorgezanoni.com.br\/2019\/wp-json\/wp\/v2\/categories?post=8701"},{"taxonomy":"post_tag","embeddable":true,"href":"https:\/\/jorgezanoni.com.br\/2019\/wp-json\/wp\/v2\/tags?post=8701"}],"curies":[{"name":"wp","href":"https:\/\/api.w.org\/{rel}","templated":true}]}}