{"id":86802,"date":"2024-06-08T20:15:12","date_gmt":"2024-06-08T20:15:12","guid":{"rendered":"https:\/\/jorgezanoni.com.br\/2019\/?p=86802"},"modified":"2024-06-08T20:15:12","modified_gmt":"2024-06-08T20:15:12","slug":"policia-civil-participa-de-mais-uma-edicao-da-campanha-do-agasalho-em-ouro-verde","status":"publish","type":"post","link":"https:\/\/jorgezanoni.com.br\/2019\/policia-civil-participa-de-mais-uma-edicao-da-campanha-do-agasalho-em-ouro-verde\/","title":{"rendered":"Pol\u00edcia Civil participa de mais uma edi\u00e7\u00e3o da &#8220;Campanha do Agasalho&#8221; em Ouro Verde"},"content":{"rendered":"<p style=\"text-align: justify;\">A Pol\u00edcia Civil, por interm\u00e9dio da Delegacia de Pol\u00edcia de Ouro Verde, participou neste s\u00e1bado (08) de mais uma edi\u00e7\u00e3o da \u201cCampanha do Agasalho\u201d, uma iniciativa destinada a arrecadar roupas para a popula\u00e7\u00e3o carente da cidade.<\/p>\n<p style=\"text-align: justify;\">A a\u00e7\u00e3o foi organizada pelo Conselho Comunit\u00e1rio de Seguran\u00e7a (CONSEG) de Ouro Verde e contou com a colabora\u00e7\u00e3o de diversas entidades, incluindo a Pol\u00edcia Militar, o Tiro de Guerra de Dracena, entidades assistenciais e volunt\u00e1rios da comunidade. Esses volunt\u00e1rios dedicaram seu tempo para ajudar aqueles que mais necessitam.<\/p>\n<p style=\"text-align: justify;\">Durante a campanha, os participantes percorreram as ruas do munic\u00edpio arrecadando roupas, que foram posteriormente encaminhadas ao Fundo Social de Solidariedade. L\u00e1, as doa\u00e7\u00f5es ser\u00e3o separadas e disponibilizadas para retirada pelos interessados.<\/p>\n<p style=\"text-align: justify;\">Esta a\u00e7\u00e3o solid\u00e1ria reflete o compromisso da Pol\u00edcia Civil e dos demais parceiros em promover o bem-estar social e apoiar a comunidade local. A participa\u00e7\u00e3o ativa de todos os envolvidos demonstra a import\u00e2ncia da uni\u00e3o e da coopera\u00e7\u00e3o em iniciativas de solidariedade.<\/p>\n<p>Fonte: Com. Social Pol\u00edcia Civil<\/p>\n","protected":false},"excerpt":{"rendered":"<p>A Pol\u00edcia Civil, por interm\u00e9dio da Delegacia de Pol\u00edcia de Ouro Verde, participou neste s\u00e1bado (08) de mais uma edi\u00e7\u00e3o da \u201cCampanha do Agasalho\u201d, uma iniciativa destinada a arrecadar roupas para a popula\u00e7\u00e3o carente da cidade. A a\u00e7\u00e3o foi organizada pelo Conselho Comunit\u00e1rio de Seguran\u00e7a (CONSEG) de Ouro Verde e contou com a colabora\u00e7\u00e3o de [&hellip;]<\/p>\n","protected":false},"author":1,"featured_media":86803,"comment_status":"closed","ping_status":"open","sticky":false,"template":"","format":"standard","meta":{"footnotes":""},"categories":[110,2],"tags":[],"class_list":["post-86802","post","type-post","status-publish","format-standard","has-post-thumbnail","hentry","category-noticiasdestaque","category-policial"],"_links":{"self":[{"href":"https:\/\/jorgezanoni.com.br\/2019\/wp-json\/wp\/v2\/posts\/86802","targetHints":{"allow":["GET"]}}],"collection":[{"href":"https:\/\/jorgezanoni.com.br\/2019\/wp-json\/wp\/v2\/posts"}],"about":[{"href":"https:\/\/jorgezanoni.com.br\/2019\/wp-json\/wp\/v2\/types\/post"}],"author":[{"embeddable":true,"href":"https:\/\/jorgezanoni.com.br\/2019\/wp-json\/wp\/v2\/users\/1"}],"replies":[{"embeddable":true,"href":"https:\/\/jorgezanoni.com.br\/2019\/wp-json\/wp\/v2\/comments?post=86802"}],"version-history":[{"count":1,"href":"https:\/\/jorgezanoni.com.br\/2019\/wp-json\/wp\/v2\/posts\/86802\/revisions"}],"predecessor-version":[{"id":86804,"href":"https:\/\/jorgezanoni.com.br\/2019\/wp-json\/wp\/v2\/posts\/86802\/revisions\/86804"}],"wp:featuredmedia":[{"embeddable":true,"href":"https:\/\/jorgezanoni.com.br\/2019\/wp-json\/wp\/v2\/media\/86803"}],"wp:attachment":[{"href":"https:\/\/jorgezanoni.com.br\/2019\/wp-json\/wp\/v2\/media?parent=86802"}],"wp:term":[{"taxonomy":"category","embeddable":true,"href":"https:\/\/jorgezanoni.com.br\/2019\/wp-json\/wp\/v2\/categories?post=86802"},{"taxonomy":"post_tag","embeddable":true,"href":"https:\/\/jorgezanoni.com.br\/2019\/wp-json\/wp\/v2\/tags?post=86802"}],"curies":[{"name":"wp","href":"https:\/\/api.w.org\/{rel}","templated":true}]}}