{"id":86797,"date":"2024-06-08T19:46:49","date_gmt":"2024-06-08T19:46:49","guid":{"rendered":"https:\/\/jorgezanoni.com.br\/2019\/?p=86797"},"modified":"2024-06-08T19:59:47","modified_gmt":"2024-06-08T19:59:47","slug":"policia-militar-prende-homem-por-porte-ilegal-de-arma-de-fogo-em-dracena-3","status":"publish","type":"post","link":"https:\/\/jorgezanoni.com.br\/2019\/policia-militar-prende-homem-por-porte-ilegal-de-arma-de-fogo-em-dracena-3\/","title":{"rendered":"Pol\u00edcia Militar prende homem por porte ilegal de Arma de Fogo em Dracena"},"content":{"rendered":"<p style=\"text-align: justify;\">Na data de (06), por volta das 14h00, policiais militares do 25\u00ba Batalh\u00e3o de Pol\u00edcia Militar do Interior, durante patrulhamento receberam den\u00fancia de que um indiv\u00edduo masculino, 40 anos, chegou em sua resid\u00eancia armado com uma arma de fogo. Equipe pelo local dos fatos e ap\u00f3s fazer contato com o indiv\u00edduo e informado sobre a den\u00fancia, este confirmou que a arma de fogo estava no quarto de sua resid\u00eancia, dentro de um cesto de roupa suja. Com autoriza\u00e7\u00e3o, a equipe entrou dentro do quarto e localizou um rev\u00f3lver calibre 38 com numera\u00e7\u00e3o n\u00e3o suprimida e seis muni\u00e7\u00f5es intactas.<br \/>\nFoi dada voz de pris\u00e3o e encaminhado ao Plant\u00e3o Policial de Dracena e permaneceu \u00e0 disposi\u00e7\u00e3o da Justi\u00e7a.<\/p>\n<p>Fonte: Com. Social Pol\u00edcia Militar<\/p>\n","protected":false},"excerpt":{"rendered":"<p>Na data de (06), por volta das 14h00, policiais militares do 25\u00ba Batalh\u00e3o de Pol\u00edcia Militar do Interior, durante patrulhamento receberam den\u00fancia de que um indiv\u00edduo masculino, 40 anos, chegou em sua resid\u00eancia armado com uma arma de fogo. Equipe pelo local dos fatos e ap\u00f3s fazer contato com o indiv\u00edduo e informado sobre a [&hellip;]<\/p>\n","protected":false},"author":1,"featured_media":86798,"comment_status":"closed","ping_status":"open","sticky":false,"template":"","format":"standard","meta":{"footnotes":""},"categories":[110,2],"tags":[],"class_list":["post-86797","post","type-post","status-publish","format-standard","has-post-thumbnail","hentry","category-noticiasdestaque","category-policial"],"_links":{"self":[{"href":"https:\/\/jorgezanoni.com.br\/2019\/wp-json\/wp\/v2\/posts\/86797","targetHints":{"allow":["GET"]}}],"collection":[{"href":"https:\/\/jorgezanoni.com.br\/2019\/wp-json\/wp\/v2\/posts"}],"about":[{"href":"https:\/\/jorgezanoni.com.br\/2019\/wp-json\/wp\/v2\/types\/post"}],"author":[{"embeddable":true,"href":"https:\/\/jorgezanoni.com.br\/2019\/wp-json\/wp\/v2\/users\/1"}],"replies":[{"embeddable":true,"href":"https:\/\/jorgezanoni.com.br\/2019\/wp-json\/wp\/v2\/comments?post=86797"}],"version-history":[{"count":3,"href":"https:\/\/jorgezanoni.com.br\/2019\/wp-json\/wp\/v2\/posts\/86797\/revisions"}],"predecessor-version":[{"id":86801,"href":"https:\/\/jorgezanoni.com.br\/2019\/wp-json\/wp\/v2\/posts\/86797\/revisions\/86801"}],"wp:featuredmedia":[{"embeddable":true,"href":"https:\/\/jorgezanoni.com.br\/2019\/wp-json\/wp\/v2\/media\/86798"}],"wp:attachment":[{"href":"https:\/\/jorgezanoni.com.br\/2019\/wp-json\/wp\/v2\/media?parent=86797"}],"wp:term":[{"taxonomy":"category","embeddable":true,"href":"https:\/\/jorgezanoni.com.br\/2019\/wp-json\/wp\/v2\/categories?post=86797"},{"taxonomy":"post_tag","embeddable":true,"href":"https:\/\/jorgezanoni.com.br\/2019\/wp-json\/wp\/v2\/tags?post=86797"}],"curies":[{"name":"wp","href":"https:\/\/api.w.org\/{rel}","templated":true}]}}