{"id":86746,"date":"2024-06-06T23:30:52","date_gmt":"2024-06-06T23:30:52","guid":{"rendered":"https:\/\/jorgezanoni.com.br\/2019\/?p=86746"},"modified":"2024-06-06T23:30:52","modified_gmt":"2024-06-06T23:30:52","slug":"navegando-pelo-espectro-a-jornada-de-pais-e-filhos-no-mundo-do-autismo-por-cidinha-pascoaloto","status":"publish","type":"post","link":"https:\/\/jorgezanoni.com.br\/2019\/navegando-pelo-espectro-a-jornada-de-pais-e-filhos-no-mundo-do-autismo-por-cidinha-pascoaloto\/","title":{"rendered":"\u201cNavegando pelo Espectro: A Jornada de Pais e Filhos no Mundo do Autismo\u201d  Por (Cidinha Pascoaloto)"},"content":{"rendered":"<p style=\"text-align: justify;\">Ser pais de crian\u00e7as autistas pode ser uma experi\u00eancia \u00fanica, crucial, desafiadora, de extrema import\u00e2ncia e repleta de momentos de aprendizados, crescimento e amor incondicional.<\/p>\n<p style=\"text-align: justify;\">Cada crian\u00e7a no espectro autista \u00e9 diferente, e cada uma tem suas necessidades, habilidades e desafios espec\u00edficos. Portanto os pais s\u00e3o de extrema import\u00e2ncia e fundamentais para o desenvolvimento e bem-estar da crian\u00e7a para que ela se sinta compreendida e amada.<\/p>\n<p style=\"text-align: justify;\">Ao receber diagn\u00f3stico de autismos os pais experimentam sentimentos de medo, tristeza e incertezas sobre o futuro, que exige compreens\u00e3o, paci\u00eancia e adapta\u00e7\u00e3o.<\/p>\n<p style=\"text-align: justify;\">Muitos pais encontram dificuldades em ter acesso \u00e0 tratamentos especializados, e quando encontram os tratamentos s\u00e3o caros. \u00c9 essencial que os pais participem de grupos de apoio e trocas de experiencias com outros pais na mesma situa\u00e7\u00e3o para navegarem juntos para melhor compreens\u00e3o e descobertas.<\/p>\n<p style=\"text-align: justify;\">\u00a0Al\u00e9m disso os pais desempenham um papel muito importante no desenvolvimento social, emocional e cognitivo de seus filhos com autismo, mas, sempre respeitando suas limita\u00e7\u00f5es e particularidades para que possam desenvolver autonomia. \u00c9 muito importante manter foco nos Interesses da crian\u00e7a.<\/p>\n<p style=\"text-align: justify;\">\u00a0Crian\u00e7as com autismo podem ter comportamentos como birras, agress\u00f5es ou autoagress\u00f5es e os pais podem ter dificuldades em lidar com esses comportamentos. \u00c9 muito importante entender as causas desses comportamentos que muitas vezes est\u00e3o relacionados \u00e0 comunica\u00e7\u00e3o ou sensibilidade sensorial.<\/p>\n<p style=\"text-align: justify;\">\u00a0Os pais tamb\u00e9m necessitam de cuidados especiais, reservar tempo para atividades de lazer, descanso e socializa\u00e7\u00e3o \u00e9 fundamental. Os estresses constantes podem impactar na sa\u00fade mental e f\u00edsica das pessoas pr\u00f3ximas da crian\u00e7a com autismo.<\/p>\n<p style=\"text-align: justify;\">Os pais devem ler muito sobre o autismo para desenvolver as melhores pr\u00e1ticas para tomar decis\u00f5es e lidar melhor com a crian\u00e7a.<\/p>\n<p style=\"text-align: justify;\">Manter uma comunica\u00e7\u00e3o aberta e constante com terapeutas, professores e m\u00e9dicos \u00e9 essencial para monitorar o progresso da crian\u00e7a e ajustar interven\u00e7\u00f5es conforme a necessidade. Com o apoio adequado e uma abordagem positiva, os pais podem ajudar seus filhos a alcan\u00e7arem seu pleno potencial.<\/p>\n<p style=\"text-align: justify;\"><img loading=\"lazy\" decoding=\"async\" class=\"alignnone size-full wp-image-86747\" src=\"https:\/\/jorgezanoni.com.br\/2019\/wp-content\/uploads\/2024\/06\/Cidinha-Pascoaloto.jpg\" alt=\"\" width=\"500\" height=\"755\" srcset=\"https:\/\/jorgezanoni.com.br\/2019\/wp-content\/uploads\/2024\/06\/Cidinha-Pascoaloto.jpg 500w, https:\/\/jorgezanoni.com.br\/2019\/wp-content\/uploads\/2024\/06\/Cidinha-Pascoaloto-199x300.jpg 199w, https:\/\/jorgezanoni.com.br\/2019\/wp-content\/uploads\/2024\/06\/Cidinha-Pascoaloto-278x420.jpg 278w\" sizes=\"auto, (max-width: 500px) 100vw, 500px\" \/>Cidinha Pascoaloto-Psic\u00f3loga, com foco no luto CRP 06\/158174. Presencial e online, contato: (18) 99725-6418<\/p>\n<p>&nbsp;<\/p>\n<p>&nbsp;<\/p>\n<p>&nbsp;<\/p>\n","protected":false},"excerpt":{"rendered":"<p>Ser pais de crian\u00e7as autistas pode ser uma experi\u00eancia \u00fanica, crucial, desafiadora, de extrema import\u00e2ncia e repleta de momentos de aprendizados, crescimento e amor incondicional. Cada crian\u00e7a no espectro autista \u00e9 diferente, e cada uma tem suas necessidades, habilidades e desafios espec\u00edficos. Portanto os pais s\u00e3o de extrema import\u00e2ncia e fundamentais para o desenvolvimento e [&hellip;]<\/p>\n","protected":false},"author":1,"featured_media":86748,"comment_status":"closed","ping_status":"open","sticky":false,"template":"","format":"standard","meta":{"footnotes":""},"categories":[175],"tags":[],"class_list":["post-86746","post","type-post","status-publish","format-standard","has-post-thumbnail","hentry","category-artigos"],"_links":{"self":[{"href":"https:\/\/jorgezanoni.com.br\/2019\/wp-json\/wp\/v2\/posts\/86746","targetHints":{"allow":["GET"]}}],"collection":[{"href":"https:\/\/jorgezanoni.com.br\/2019\/wp-json\/wp\/v2\/posts"}],"about":[{"href":"https:\/\/jorgezanoni.com.br\/2019\/wp-json\/wp\/v2\/types\/post"}],"author":[{"embeddable":true,"href":"https:\/\/jorgezanoni.com.br\/2019\/wp-json\/wp\/v2\/users\/1"}],"replies":[{"embeddable":true,"href":"https:\/\/jorgezanoni.com.br\/2019\/wp-json\/wp\/v2\/comments?post=86746"}],"version-history":[{"count":1,"href":"https:\/\/jorgezanoni.com.br\/2019\/wp-json\/wp\/v2\/posts\/86746\/revisions"}],"predecessor-version":[{"id":86749,"href":"https:\/\/jorgezanoni.com.br\/2019\/wp-json\/wp\/v2\/posts\/86746\/revisions\/86749"}],"wp:featuredmedia":[{"embeddable":true,"href":"https:\/\/jorgezanoni.com.br\/2019\/wp-json\/wp\/v2\/media\/86748"}],"wp:attachment":[{"href":"https:\/\/jorgezanoni.com.br\/2019\/wp-json\/wp\/v2\/media?parent=86746"}],"wp:term":[{"taxonomy":"category","embeddable":true,"href":"https:\/\/jorgezanoni.com.br\/2019\/wp-json\/wp\/v2\/categories?post=86746"},{"taxonomy":"post_tag","embeddable":true,"href":"https:\/\/jorgezanoni.com.br\/2019\/wp-json\/wp\/v2\/tags?post=86746"}],"curies":[{"name":"wp","href":"https:\/\/api.w.org\/{rel}","templated":true}]}}