{"id":86735,"date":"2024-06-06T15:17:00","date_gmt":"2024-06-06T15:17:00","guid":{"rendered":"https:\/\/jorgezanoni.com.br\/2019\/?p=86735"},"modified":"2024-06-06T15:17:00","modified_gmt":"2024-06-06T15:17:00","slug":"equipamentos-passam-a-funcionar-a-partir-da-proxima-quarta-em-marilia-dracena-bariri-itapui-e-rio-claro","status":"publish","type":"post","link":"https:\/\/jorgezanoni.com.br\/2019\/equipamentos-passam-a-funcionar-a-partir-da-proxima-quarta-em-marilia-dracena-bariri-itapui-e-rio-claro\/","title":{"rendered":"Equipamentos passam a funcionar a partir da pr\u00f3xima quarta em Mar\u00edlia, Dracena, Bariri, Itapu\u00ed e Rio Claro"},"content":{"rendered":"<div>\n<p class=\"v1MsoNormal\" style=\"text-align: left;\" align=\"center\"><b><span lang=\"PT\">Radares iniciam opera\u00e7\u00e3o em seis pontos da Eixo SP.<\/span><\/b><\/p>\n<p class=\"v1MsoNormal\" style=\"text-align: justify;\"><span lang=\"PT\">Seis novos radares entrar\u00e3o em opera\u00e7\u00e3o em quatro rodovias administradas pela Eixo SP, a partir da pr\u00f3xima quarta-feira (12). Os equipamentos iniciam fiscaliza\u00e7\u00e3o ap\u00f3s homologa\u00e7\u00e3o do Departamento de Estradas de Rodagem (DER), \u00f3rg\u00e3o respons\u00e1vel pela aplica\u00e7\u00e3o das multas. A opera\u00e7\u00e3o ter\u00e1 in\u00edcio em tr\u00eas pontos da SP 294 &#8211; Rodovia Comandante Jo\u00e3o Ribeiro de Barros, sendo dois em Mar\u00edlia e um em Dracena, um ponto na SP 310 &#8211; Rodovia Washington Lu\u00eds, em Rio Claro, um ponto na SP 261 &#8211; Rodovia Braz Fortunato, em Bariri, e um ponto na SP 225 &#8211; Rodovia Comandante Jo\u00e3o Ribeiro de Barros, em Itapu\u00ed.<\/span><\/p>\n<p class=\"v1MsoNormal\" style=\"text-align: justify;\"><span lang=\"PT\">A autoriza\u00e7\u00e3o para o in\u00edcio de opera\u00e7\u00e3o dos radares foi publicada no Di\u00e1rio Oficial desta quarta-feira (5). A instala\u00e7\u00e3o e a opera\u00e7\u00e3o dos radares atendem a uma determina\u00e7\u00e3o do contrato de concess\u00e3o.<\/span><\/p>\n<p class=\"v1MsoNormal\" style=\"text-align: justify;\"><span lang=\"PT\">Veja abaixo os locais onde come\u00e7am a operar os novos equipamentos.<\/span><\/p>\n<p class=\"v1MsoNormal\" style=\"text-align: justify;\"><span lang=\"PT\">SP 225 \u2013 km 195+300 (pista leste), em Itapu\u00ed \u2013 Limites: 110\/90<\/span><\/p>\n<p class=\"v1MsoNormal\" style=\"text-align: justify;\"><span lang=\"PT\">SP 261 &#8211; km 178+285 (pista norte\/sul), em Bariri &#8211; Limites: 80\/80<\/span><\/p>\n<p class=\"v1MsoNormal\" style=\"text-align: justify;\"><span lang=\"PT\">SP 294 &#8211; km 444+530 (pista oeste), em Mar\u00edlia &#8211; Limites: 80\/80<\/span><\/p>\n<p class=\"v1MsoNormal\" style=\"text-align: justify;\"><span lang=\"PT\">SP 294 &#8211; km 448+050 (pista oeste), em Mar\u00edlia &#8211; Limites: 80\/80<\/span><\/p>\n<p class=\"v1MsoNormal\" style=\"text-align: justify;\"><span lang=\"PT\">SP 294 &#8211; km 653+400 (pista leste), em Dracena &#8211; Limites: 80\/80<\/span><\/p>\n<p class=\"v1MsoNormal\" style=\"text-align: justify;\"><span lang=\"PT\">SP 310 &#8211; km 175+800 (pista norte), em Rio Claro &#8211; Limites: 90\/90<\/span><\/p>\n<p class=\"v1MsoNormal\" style=\"text-align: justify;\"><b><span lang=\"PT\">Sobre a Eixo SP<\/span><\/b><\/p>\n<p class=\"v1MsoNormal\" style=\"text-align: justify;\"><span lang=\"PT\">A Eixo SP Concession\u00e1ria de Rodovias administra mais de 1.221 km de estradas que passam por 62 munic\u00edpios da regi\u00e3o de Rio Claro, no centro do Estado, at\u00e9 Panorama, no extremo oeste, na divisa com o Mato Grosso do Sul. O maior contrato sob supervis\u00e3o da Artesp (Ag\u00eancia Reguladora de Transportes do Estado de S\u00e3o Paulo) ter\u00e1 investimentos na ordem de R$ 14 bilh\u00f5es em obras de amplia\u00e7\u00e3o, conserva\u00e7\u00e3o, al\u00e9m da moderniza\u00e7\u00e3o de servi\u00e7os ao usu\u00e1rio. Para mais informa\u00e7\u00f5es acesse:\u00a0<a href=\"http:\/\/www.eixosp.com.br\/\" target=\"_blank\" rel=\"noopener noreferrer\">www.eixosp.com.br<\/a>.<\/span><\/p>\n<\/div>\n<div><\/div>\n","protected":false},"excerpt":{"rendered":"<p>Radares iniciam opera\u00e7\u00e3o em seis pontos da Eixo SP. Seis novos radares entrar\u00e3o em opera\u00e7\u00e3o em quatro rodovias administradas pela Eixo SP, a partir da pr\u00f3xima quarta-feira (12). Os equipamentos iniciam fiscaliza\u00e7\u00e3o ap\u00f3s homologa\u00e7\u00e3o do Departamento de Estradas de Rodagem (DER), \u00f3rg\u00e3o respons\u00e1vel pela aplica\u00e7\u00e3o das multas. A opera\u00e7\u00e3o ter\u00e1 in\u00edcio em tr\u00eas pontos da [&hellip;]<\/p>\n","protected":false},"author":1,"featured_media":86736,"comment_status":"closed","ping_status":"open","sticky":false,"template":"","format":"standard","meta":{"footnotes":""},"categories":[180,110],"tags":[],"class_list":["post-86735","post","type-post","status-publish","format-standard","has-post-thumbnail","hentry","category-estradastransitoveiculos","category-noticiasdestaque"],"_links":{"self":[{"href":"https:\/\/jorgezanoni.com.br\/2019\/wp-json\/wp\/v2\/posts\/86735","targetHints":{"allow":["GET"]}}],"collection":[{"href":"https:\/\/jorgezanoni.com.br\/2019\/wp-json\/wp\/v2\/posts"}],"about":[{"href":"https:\/\/jorgezanoni.com.br\/2019\/wp-json\/wp\/v2\/types\/post"}],"author":[{"embeddable":true,"href":"https:\/\/jorgezanoni.com.br\/2019\/wp-json\/wp\/v2\/users\/1"}],"replies":[{"embeddable":true,"href":"https:\/\/jorgezanoni.com.br\/2019\/wp-json\/wp\/v2\/comments?post=86735"}],"version-history":[{"count":1,"href":"https:\/\/jorgezanoni.com.br\/2019\/wp-json\/wp\/v2\/posts\/86735\/revisions"}],"predecessor-version":[{"id":86737,"href":"https:\/\/jorgezanoni.com.br\/2019\/wp-json\/wp\/v2\/posts\/86735\/revisions\/86737"}],"wp:featuredmedia":[{"embeddable":true,"href":"https:\/\/jorgezanoni.com.br\/2019\/wp-json\/wp\/v2\/media\/86736"}],"wp:attachment":[{"href":"https:\/\/jorgezanoni.com.br\/2019\/wp-json\/wp\/v2\/media?parent=86735"}],"wp:term":[{"taxonomy":"category","embeddable":true,"href":"https:\/\/jorgezanoni.com.br\/2019\/wp-json\/wp\/v2\/categories?post=86735"},{"taxonomy":"post_tag","embeddable":true,"href":"https:\/\/jorgezanoni.com.br\/2019\/wp-json\/wp\/v2\/tags?post=86735"}],"curies":[{"name":"wp","href":"https:\/\/api.w.org\/{rel}","templated":true}]}}