{"id":8673,"date":"2019-10-13T13:45:57","date_gmt":"2019-10-13T13:45:57","guid":{"rendered":"https:\/\/jorgezanoni.com.br\/2019\/?p=8673"},"modified":"2019-10-13T13:45:57","modified_gmt":"2019-10-13T13:45:57","slug":"grupo-de-voluntarios-do-plantao-da-alegria-chega-aos-10-anos-de-atuacao-em-dracena","status":"publish","type":"post","link":"https:\/\/jorgezanoni.com.br\/2019\/grupo-de-voluntarios-do-plantao-da-alegria-chega-aos-10-anos-de-atuacao-em-dracena\/","title":{"rendered":"Grupo de volunt\u00e1rios do Plant\u00e3o da Alegria chega aos 10 anos de atua\u00e7\u00e3o em Dracena"},"content":{"rendered":"<h2 class=\"jeg_post_subtitle\" style=\"text-align: justify;\"><strong>No m\u00eas de setembro, eles comemoraram 10 anos de atividades na Santa Casa local; h\u00e1 pouco menos de dois anos iniciaram tamb\u00e9m o trabalho na Santa Casa de Junqueir\u00f3polis.<\/strong><\/h2>\n<p style=\"text-align: justify;\">Neste Dia das Crian\u00e7as e tamb\u00e9m dedicado a Nossa Senhora Aparecida, foi homenageado\u00a0o grupo Plant\u00e3o da Alegria, que completou 10 anos de atividades na cidade.<\/p>\n<div class=\"jeg_ad jeg_ad_article jnews_content_inline_ads  \" style=\"text-align: justify;\">\n<div class=\"ads-wrapper align-right \">\n<div class=\"ads_google_ads\">Quem j\u00e1 passou por uma unidade hospitalar seja acompanhando uma crian\u00e7a, um idoso ou qualquer outra pessoa muitas vezes se v\u00ea sozinho e triste aguardando a cura do paciente internado.<\/div>\n<div><\/div>\n<div class=\"ads_google_ads\">E, nesta espera pode ser pego de surpresa por esses volunt\u00e1rios que num momento t\u00e3o delicado conseguem trazer de volta um sorriso no rosto de quem aguarda e ainda a esperan\u00e7a de que dias melhores vir\u00e3o.<\/div>\n<div><\/div>\n<\/div>\n<\/div>\n<p style=\"text-align: justify;\">O Plant\u00e3o da Alegria iniciou sua jornada em setembro de 2009, os integrantes contam que deram in\u00edcio a um sonho.<\/p>\n<p style=\"text-align: justify;\">Caracterizados de palha\u00e7os, seus integrantes levam aos hospitais alegria, bem-estar aos pacientes, acompanhantes e funcion\u00e1rios, usando a linguagem do palha\u00e7o tornando um ambiente humanizado.<\/p>\n<p style=\"text-align: justify;\">O trabalho \u00e9 desenvolvido nas Santas Casas de Dracena e Junqueir\u00f3polis. Em Dracena, atuam h\u00e1 10 anos e na vizinha Junqueir\u00f3polis, pouco menos de dois anos.<\/p>\n<p style=\"text-align: justify;\">Atualmente o grupo \u00e9 composto por 22 jovens na idade que varia de 18 a 40 anos, entre eles, h\u00e1 professores, advogados, psic\u00f3logos, assistente social, enfermeiros, banc\u00e1rios. Os organizadores brincam: \u201ctemos de tudo um pouco\u201d.<\/p>\n<p style=\"text-align: justify;\">Nas apresenta\u00e7\u00f5es eles trocam a cl\u00e1ssica roupa branca do m\u00e9dico por roupas divertidas. Os jalecos recebem bolsos coloridos e apetrechos por todos os lados, os sapatos tradicionais em sapatos de palha\u00e7os, cal\u00e7as coloridas e o nariz vermelho, ingrediente final dessa receita de alegria que n\u00e3o possui contra indica\u00e7\u00e3o, contam.<\/p>\n<p style=\"text-align: justify;\">Para eles, o riso e a alegria sempre ser\u00e3o \u00f3timos aliados ao tratamento do paciente. Uma vez que o paciente internado sempre est\u00e1 \u00e0 espera do m\u00e9dico, da enfermeira, do acompanhante e, de repente se surpreende com os palha\u00e7os que interagem com os pacientes fazendo brincadeiras, cantando e dan\u00e7ando. Os volunt\u00e1rios afirmam que neste instante o processo curativo se inicia.<\/p>\n<p style=\"text-align: justify;\">O Plant\u00e3o da Alegria j\u00e1 participou de campanhas para capta\u00e7\u00e3o de medula; em asilos e tamb\u00e9m atuou durante um ano no Hospital do C\u00e2ncer de Presidente Prudente.<\/p>\n<p style=\"text-align: justify;\">\u201cHoje chegamos aos 10 anos com o cora\u00e7\u00e3o cheio de gratid\u00e3o. Agradecemos a Deus que foi o maior sonhador e idealizador, aos nossos parceiros de caminhada, amigos, fam\u00edlia que sempre esteve junto conosco. A Santa Casa de Dracena e Santa Casa de Junqueir\u00f3polis que abriram as portas e confiaram em nosso trabalho\u201d, pontuaram os organizadores do grupo finalizando deixando esta frase: \u201cN\u00e3o existe nenhuma coisa s\u00e9ria que n\u00e3o possa ser dita com um sorriso\u201d.<\/p>\n<p style=\"text-align: justify;\">Fonte: Portal Regional<\/p>\n","protected":false},"excerpt":{"rendered":"<p>No m\u00eas de setembro, eles comemoraram 10 anos de atividades na Santa Casa local; h\u00e1 pouco menos de dois anos iniciaram tamb\u00e9m o trabalho na Santa Casa de Junqueir\u00f3polis. Neste Dia das Crian\u00e7as e tamb\u00e9m dedicado a Nossa Senhora Aparecida, foi homenageado\u00a0o grupo Plant\u00e3o da Alegria, que completou 10 anos de atividades na cidade. Quem [&hellip;]<\/p>\n","protected":false},"author":1,"featured_media":8674,"comment_status":"closed","ping_status":"open","sticky":false,"template":"","format":"standard","meta":{"footnotes":""},"categories":[122],"tags":[],"class_list":["post-8673","post","type-post","status-publish","format-standard","has-post-thumbnail","hentry","category-saudeeducacaoeconcurso"],"_links":{"self":[{"href":"https:\/\/jorgezanoni.com.br\/2019\/wp-json\/wp\/v2\/posts\/8673","targetHints":{"allow":["GET"]}}],"collection":[{"href":"https:\/\/jorgezanoni.com.br\/2019\/wp-json\/wp\/v2\/posts"}],"about":[{"href":"https:\/\/jorgezanoni.com.br\/2019\/wp-json\/wp\/v2\/types\/post"}],"author":[{"embeddable":true,"href":"https:\/\/jorgezanoni.com.br\/2019\/wp-json\/wp\/v2\/users\/1"}],"replies":[{"embeddable":true,"href":"https:\/\/jorgezanoni.com.br\/2019\/wp-json\/wp\/v2\/comments?post=8673"}],"version-history":[{"count":0,"href":"https:\/\/jorgezanoni.com.br\/2019\/wp-json\/wp\/v2\/posts\/8673\/revisions"}],"wp:featuredmedia":[{"embeddable":true,"href":"https:\/\/jorgezanoni.com.br\/2019\/wp-json\/wp\/v2\/media\/8674"}],"wp:attachment":[{"href":"https:\/\/jorgezanoni.com.br\/2019\/wp-json\/wp\/v2\/media?parent=8673"}],"wp:term":[{"taxonomy":"category","embeddable":true,"href":"https:\/\/jorgezanoni.com.br\/2019\/wp-json\/wp\/v2\/categories?post=8673"},{"taxonomy":"post_tag","embeddable":true,"href":"https:\/\/jorgezanoni.com.br\/2019\/wp-json\/wp\/v2\/tags?post=8673"}],"curies":[{"name":"wp","href":"https:\/\/api.w.org\/{rel}","templated":true}]}}