{"id":86696,"date":"2024-06-05T00:13:13","date_gmt":"2024-06-05T00:13:13","guid":{"rendered":"https:\/\/jorgezanoni.com.br\/2019\/?p=86696"},"modified":"2024-06-05T00:13:13","modified_gmt":"2024-06-05T00:13:13","slug":"el-rey-miguel-aceves-mejia-por-sergio-barbosa","status":"publish","type":"post","link":"https:\/\/jorgezanoni.com.br\/2019\/el-rey-miguel-aceves-mejia-por-sergio-barbosa\/","title":{"rendered":"\u201cEL REY\u201d: Miguel Aceves Mejia&#8230; (por S\u00e9rgio Barbosa)"},"content":{"rendered":"<p style=\"text-align: justify;\"><strong>\u201cEL REY\u201d: MIGUEL ACEVES\u00a0 MEJIA&#8230;<\/strong><\/p>\n<p style=\"text-align: justify;\"><em>\u201c <\/em><em>Existem nas recorda\u00e7\u00f5es de todo homem coisas que ele s\u00f3 revela aos amigos. H\u00e1 outras que n\u00e3o revela mesmo aos amigos, mas apenas a si pr\u00f3prio, e assim mesmo em segredo. Mas tamb\u00e9m h\u00e1, finalmente, coisas que o homem tem medo de desvendar at\u00e9 a si pr\u00f3prio&#8230;(<a href=\"https:\/\/www.pensador.com\/autor\/fiodor_dostoievski\/\">Fi\u00f3dor Dostoi\u00e9vski<\/a>)<\/em><\/p>\n<p style=\"text-align: justify;\"><strong>By seb@r.<\/strong><em>\u00a0<\/em><\/p>\n<p style=\"text-align: justify;\">\u201cQuando eu era crian\u00e7a pequena\u201d em OURINHOS, se estou bem lembrado aqui com a minha mem\u00f3ria, foram anos e anos com muitas idas e vindas pela RUA 21 DE ABRIL, entre as RUAS 7 DE SETEMBRO e depois da 3 DE MAIO, ou seja, at\u00e9 o final da 21 DE ABRIL que naquele tempo terminava em um matagal ou pasto&#8230;<\/p>\n<p style=\"text-align: justify;\">Por\u00e9m, no final da RUA 21 DE ABRIL, do lado direito em dire\u00e7\u00e3o ao final e tomando como ponto de refer\u00eancia a minha saudosa casa de madeira na \u00e9poca, no n\u00famero 429, morava a fam\u00edlia do \u201csr. JO\u00c3O MARTINS\u201d (PAI), DONA NUNCIATA e filhos\/as, entre os quais o SAUDOSO \u201cNERS\u00c3O\u201d&#8230;<\/p>\n<p style=\"text-align: justify;\">Se estou bem lembrando aqui com as minhas vagas recorda\u00e7\u00f5es destes anos, a d\u00e9cada de 60, havia uma \u201cradiola\u201d na sala da casa e o \u201cNERS\u00c3O\u201d gostava de ouvir nas horas de lazer, um cantor mexicano famoso naquele tempo, a saber: MIGUEL ACEVES MEJIA&#8230;<\/p>\n<p style=\"text-align: justify;\">Confesso que depois de muitos anos, quando estava perdido em SAMPA para muitos desencontros com trabalho e estudos, encontrei em uma loja de discos, um CD deste cantor com o t\u00edtulo: \u201cEL REY, MIGUEL ACEVES MEJIA\u201d, n\u00e3o deu outra e acabei comprando o CD para muitas lembran\u00e7as do \u201cNERS\u00c3O\u201d&#8230;<\/p>\n<p style=\"text-align: justify;\">Outro detalhe, nesta \u00e9poca, ele possu\u00eda dois caminh\u00f5es que estavam a servi\u00e7os de uma grande F\u00e1brica de Doces naquele tempo, \u201cDOCES MARACAN\u00c3\u201d e o divertido estava no retorno das viagens do mesmo, quando as \u201csobras dos doces\u201d\u00a0 eram distribu\u00eddas para aquela turma de \u201cmeninos e meninas\u201d que moravam nas imedia\u00e7\u00f5es&#8230;<\/p>\n<p style=\"text-align: justify;\">N\u00e3o sei se existem fotos deste tempo com outras pessoas, por\u00e9m, vou ilustrar esta cr\u00f4nica com uma \u00fanica foto em que aparece o \u201cNERS\u00c3O\u201d e outras imagens do CD adquirido como lembran\u00e7a desta figurinha mais do que carimbada para um menino que se divertia com as \u201csobras dos doces\u201d&#8230;<\/p>\n<p style=\"text-align: justify;\">Depois de muitos anos, numa das minhas viagens para OURINHOS, encontrei o mesmo em algum lugar, o jeit\u00e3o continuava o mesmo e estava sempre com um \u201csorriso\u201d pra abrir todas as \u201cportas da percep\u00e7\u00e3o\u201d que encontrava pela frente&#8230;<\/p>\n<p style=\"text-align: justify;\">S\u00f3 sei de uma coisa entre tantas outras que se perdeu neste tempo do tempo, que o saudoso \u201cNERS\u00c3O\u201d tinha uma doen\u00e7a que para aquela \u00e9poca era \u201cincur\u00e1vel\u201d e mesmo depois de anos e anos fazendo tratamentos diversos, acredito que o mesmo embarcou para o outro tempo do tempo sem mais e sem menos&#8230;<\/p>\n<p style=\"text-align: justify;\">A fam\u00edlia MARTINS era formada pelos pais do \u201cNERS\u00c3O\u201d e muitos irm\u00e3os e irm\u00e3s, ainda, lembro que chamava a \u201cdona NUNCIATA\u201d de \u201cmadrinha\u201d, portanto, acredito que existia uma aproxima\u00e7\u00e3o entre os BARBOSAS e os MARTINS, pois, naquele tempo os padrinhos e madrinhas eram importantes para os la\u00e7os familiares&#8230;<\/p>\n<p style=\"text-align: justify;\">Neste novo tempo que se chama hoje, de vez em quando, lembro-me deste CD que tenho aqui e coloco o mesmo pra tocar, pode-se escrever que s\u00e3o m\u00fasicas de \u201cbaladas ou rancheiras\u201d no estilo mexicano, apesar de ser um \u201croqueiro\u201d, acredito que as lembran\u00e7as s\u00f3 sem completam se vierem com alguns detalhes a mais para isto ou aquilo&#8230;<\/p>\n<p style=\"text-align: justify;\">Em outra oportunidade, vou escrever sobre um dos seus irm\u00e3os, o \u201cADEMIR\u201d que sonhava um dia ser \u201cjogador profissional de futebol\u201d e acabou como \u201ct\u00e9cnico\u201d um time em algum canto perdido por a\u00ed&#8230;<\/p>\n<p>AVE \u201cNERS\u00c3O\u201d!<\/p>\n<p>QUEM CONHECEU ESTE TEMPO DO OUTRO TEMPO VAI SABER DISTO OU DAQUILO&#8230;<\/p>\n<p><strong>e-mail: <\/strong><a href=\"mailto:barbosa.sebar@gmail.com\"><strong>barbosa.sebar@gmail.com<\/strong><\/a><\/p>\n<p>&nbsp;<\/p>\n","protected":false},"excerpt":{"rendered":"<p>\u201cEL REY\u201d: MIGUEL ACEVES\u00a0 MEJIA&#8230; \u201c Existem nas recorda\u00e7\u00f5es de todo homem coisas que ele s\u00f3 revela aos amigos. H\u00e1 outras que n\u00e3o revela mesmo aos amigos, mas apenas a si pr\u00f3prio, e assim mesmo em segredo. Mas tamb\u00e9m h\u00e1, finalmente, coisas que o homem tem medo de desvendar at\u00e9 a si pr\u00f3prio&#8230;(Fi\u00f3dor Dostoi\u00e9vski) By [&hellip;]<\/p>\n","protected":false},"author":1,"featured_media":86697,"comment_status":"closed","ping_status":"open","sticky":false,"template":"","format":"standard","meta":{"footnotes":""},"categories":[175],"tags":[],"class_list":["post-86696","post","type-post","status-publish","format-standard","has-post-thumbnail","hentry","category-artigos"],"_links":{"self":[{"href":"https:\/\/jorgezanoni.com.br\/2019\/wp-json\/wp\/v2\/posts\/86696","targetHints":{"allow":["GET"]}}],"collection":[{"href":"https:\/\/jorgezanoni.com.br\/2019\/wp-json\/wp\/v2\/posts"}],"about":[{"href":"https:\/\/jorgezanoni.com.br\/2019\/wp-json\/wp\/v2\/types\/post"}],"author":[{"embeddable":true,"href":"https:\/\/jorgezanoni.com.br\/2019\/wp-json\/wp\/v2\/users\/1"}],"replies":[{"embeddable":true,"href":"https:\/\/jorgezanoni.com.br\/2019\/wp-json\/wp\/v2\/comments?post=86696"}],"version-history":[{"count":1,"href":"https:\/\/jorgezanoni.com.br\/2019\/wp-json\/wp\/v2\/posts\/86696\/revisions"}],"predecessor-version":[{"id":86698,"href":"https:\/\/jorgezanoni.com.br\/2019\/wp-json\/wp\/v2\/posts\/86696\/revisions\/86698"}],"wp:featuredmedia":[{"embeddable":true,"href":"https:\/\/jorgezanoni.com.br\/2019\/wp-json\/wp\/v2\/media\/86697"}],"wp:attachment":[{"href":"https:\/\/jorgezanoni.com.br\/2019\/wp-json\/wp\/v2\/media?parent=86696"}],"wp:term":[{"taxonomy":"category","embeddable":true,"href":"https:\/\/jorgezanoni.com.br\/2019\/wp-json\/wp\/v2\/categories?post=86696"},{"taxonomy":"post_tag","embeddable":true,"href":"https:\/\/jorgezanoni.com.br\/2019\/wp-json\/wp\/v2\/tags?post=86696"}],"curies":[{"name":"wp","href":"https:\/\/api.w.org\/{rel}","templated":true}]}}