{"id":86679,"date":"2024-06-04T14:57:24","date_gmt":"2024-06-04T14:57:24","guid":{"rendered":"https:\/\/jorgezanoni.com.br\/2019\/?p=86679"},"modified":"2024-06-04T14:57:24","modified_gmt":"2024-06-04T14:57:24","slug":"tarifas-em-rodovias-da-eixo-sp-tem-reajuste-de-369","status":"publish","type":"post","link":"https:\/\/jorgezanoni.com.br\/2019\/tarifas-em-rodovias-da-eixo-sp-tem-reajuste-de-369\/","title":{"rendered":"Tarifas em rodovias da Eixo SP tem reajuste de 3,69%"},"content":{"rendered":"<div>\n<p class=\"v1MsoNormal\" style=\"text-align: justify;\" align=\"center\"><strong><i><span lang=\"PT\">Valores dos ped\u00e1gios ser\u00e3o atualizados a partir desta ter\u00e7a-feira (4) com base no \u00edndice IPCA dos \u00faltimos 12 meses<\/span><\/i><\/strong><\/p>\n<p class=\"v1MsoNormal\" style=\"text-align: justify;\"><span lang=\"PT\">Os valores das tarifas de ped\u00e1gio em todas as pra\u00e7as da Eixo SP Concession\u00e1ria de Rodovias ser\u00e3o atualizados a partir da 0h desta ter\u00e7a-feira (4). O reajuste ser\u00e1 de 3,69%, que foi o \u00edndice medido pelo IPCA (\u00cdndice de Pre\u00e7os ao Consumidor Amplo) nos \u00faltimos 12 meses. O reajuste anual est\u00e1 previsto no contrato de concess\u00e3o.<\/span><\/p>\n<p class=\"v1MsoNormal\" style=\"text-align: justify;\"><span lang=\"PT\">A atualiza\u00e7\u00e3o dos valores foi homologada pela Artesp (Ag\u00eancia Reguladora de Transportes do Estado de S\u00e3o Paulo) e publicada na edi\u00e7\u00e3o do Di\u00e1rio Oficial do dia 27 de maio.<\/span><\/p>\n<p class=\"v1MsoNormal\" style=\"text-align: justify;\"><span lang=\"PT\">Confira no link abaixo os valores atualizados que entrar\u00e3o em vigor a partir desta ter\u00e7a-feira.<\/span><\/p>\n<p class=\"v1MsoNormal\" style=\"text-align: justify;\"><span lang=\"PT\"><a href=\"https:\/\/drive.google.com\/file\/d\/1PLW_6Bxa-CRqOiQygXZHAbAEV3itIGZS\/view?usp=drive_link\" target=\"_blank\" rel=\"noopener noreferrer\">https:\/\/drive.google.com\/file\/d\/1PLW_6Bxa-CRqOiQygXZHAbAEV3itIGZS\/view?usp=drive_link<\/a><\/span><span lang=\"PT\">\u00a0<\/span><\/p>\n<p class=\"v1MsoNormal\" style=\"text-align: justify;\"><b><span lang=\"PT\">Desconto progressivo<\/span><\/b><\/p>\n<p class=\"v1MsoNormal\" style=\"text-align: justify;\"><span lang=\"PT\">Os motoristas de ve\u00edculos de passeio (categoria 1) que utilizam o sistema de cobran\u00e7a autom\u00e1tica e viajam pelas 12 rodovias sob gest\u00e3o da Eixo SP t\u00eam descontos progressivos nas tarifas de acordo com a quantidade de vezes que passam pelas pra\u00e7as de ped\u00e1gio. O DUF (Desconto de Usu\u00e1rio Frequente) est\u00e1 integrado \u00e0s operadoras do sistema eletr\u00f4nico de pagamento de ped\u00e1gio. O desconto para ve\u00edculos de passeio come\u00e7a a contar a partir da segunda passagem realizada na mesma pra\u00e7a de ped\u00e1gio, no mesmo sentido de fluxo e dentro de um mesmo m\u00eas calend\u00e1rio. Quanto maior o n\u00famero de vezes que o usu\u00e1rio passa pela pra\u00e7a de ped\u00e1gio dentro do mesmo m\u00eas, maior \u00e9 o desconto. A redu\u00e7\u00e3o no valor da tarifa pode chegar a at\u00e9 90%.<\/span><\/p>\n<p class=\"v1MsoNormal\" style=\"text-align: justify;\"><b><span lang=\"PT\">Benef\u00edcio nas pistas autom\u00e1ticas<\/span><\/b><\/p>\n<p class=\"v1MsoNormal\" style=\"text-align: justify;\"><span lang=\"PT\">H\u00e1 desconto tamb\u00e9m aos usu\u00e1rios de qualquer categoria de ve\u00edculo que utilizam as pistas de cobran\u00e7as autom\u00e1ticas. Neste caso, a redu\u00e7\u00e3o \u00e9 de 5% no valor da tarifa para todos os tipos de ve\u00edculos que utilizam tags. Para os ve\u00edculos de passeio com tag, o benef\u00edcio de 5% \u00e9 v\u00e1lido na primeira passagem no m\u00eas calend\u00e1rio. A partir da segunda passagem, ocorre a inclus\u00e3o autom\u00e1tica no sistema DUF.<\/span><\/p>\n<p class=\"v1MsoNormal\" style=\"text-align: justify;\"><b><span lang=\"PT\">Sobre a Eixo SP<\/span><\/b><\/p>\n<p class=\"v1MsoNormal\" style=\"text-align: justify;\"><span lang=\"PT\">A Eixo SP Concession\u00e1ria de Rodovias administra mais de 1.221 km de estradas que passam por 62 munic\u00edpios da regi\u00e3o de Rio Claro, no centro do Estado, at\u00e9 Panorama, no extremo oeste, na divisa com o Mato Grosso do Sul. O maior contrato sob supervis\u00e3o da Artesp (Ag\u00eancia Reguladora de Transportes do Estado de S\u00e3o Paulo) ter\u00e1 investimentos na ordem de R$ 14 bilh\u00f5es em obras de amplia\u00e7\u00e3o, conserva\u00e7\u00e3o, al\u00e9m da moderniza\u00e7\u00e3o de servi\u00e7os ao usu\u00e1rio. Para mais informa\u00e7\u00f5es acesse:\u00a0<a href=\"http:\/\/www.eixosp.com.br\/\" target=\"_blank\" rel=\"noopener noreferrer\">www.eixosp.com.br<\/a>.<\/span><\/p>\n<\/div>\n<div style=\"text-align: justify;\"><\/div>\n","protected":false},"excerpt":{"rendered":"<p>Valores dos ped\u00e1gios ser\u00e3o atualizados a partir desta ter\u00e7a-feira (4) com base no \u00edndice IPCA dos \u00faltimos 12 meses Os valores das tarifas de ped\u00e1gio em todas as pra\u00e7as da Eixo SP Concession\u00e1ria de Rodovias ser\u00e3o atualizados a partir da 0h desta ter\u00e7a-feira (4). O reajuste ser\u00e1 de 3,69%, que foi o \u00edndice medido pelo [&hellip;]<\/p>\n","protected":false},"author":1,"featured_media":86680,"comment_status":"closed","ping_status":"open","sticky":false,"template":"","format":"standard","meta":{"footnotes":""},"categories":[180,110],"tags":[],"class_list":["post-86679","post","type-post","status-publish","format-standard","has-post-thumbnail","hentry","category-estradastransitoveiculos","category-noticiasdestaque"],"_links":{"self":[{"href":"https:\/\/jorgezanoni.com.br\/2019\/wp-json\/wp\/v2\/posts\/86679","targetHints":{"allow":["GET"]}}],"collection":[{"href":"https:\/\/jorgezanoni.com.br\/2019\/wp-json\/wp\/v2\/posts"}],"about":[{"href":"https:\/\/jorgezanoni.com.br\/2019\/wp-json\/wp\/v2\/types\/post"}],"author":[{"embeddable":true,"href":"https:\/\/jorgezanoni.com.br\/2019\/wp-json\/wp\/v2\/users\/1"}],"replies":[{"embeddable":true,"href":"https:\/\/jorgezanoni.com.br\/2019\/wp-json\/wp\/v2\/comments?post=86679"}],"version-history":[{"count":1,"href":"https:\/\/jorgezanoni.com.br\/2019\/wp-json\/wp\/v2\/posts\/86679\/revisions"}],"predecessor-version":[{"id":86681,"href":"https:\/\/jorgezanoni.com.br\/2019\/wp-json\/wp\/v2\/posts\/86679\/revisions\/86681"}],"wp:featuredmedia":[{"embeddable":true,"href":"https:\/\/jorgezanoni.com.br\/2019\/wp-json\/wp\/v2\/media\/86680"}],"wp:attachment":[{"href":"https:\/\/jorgezanoni.com.br\/2019\/wp-json\/wp\/v2\/media?parent=86679"}],"wp:term":[{"taxonomy":"category","embeddable":true,"href":"https:\/\/jorgezanoni.com.br\/2019\/wp-json\/wp\/v2\/categories?post=86679"},{"taxonomy":"post_tag","embeddable":true,"href":"https:\/\/jorgezanoni.com.br\/2019\/wp-json\/wp\/v2\/tags?post=86679"}],"curies":[{"name":"wp","href":"https:\/\/api.w.org\/{rel}","templated":true}]}}