{"id":8667,"date":"2019-10-13T13:24:49","date_gmt":"2019-10-13T13:24:49","guid":{"rendered":"https:\/\/jorgezanoni.com.br\/2019\/?p=8667"},"modified":"2019-10-13T13:26:01","modified_gmt":"2019-10-13T13:26:01","slug":"morador-de-salmourao-morre-em-grave-acidente-na-estrada-do-bairro-lagoa-azul","status":"publish","type":"post","link":"https:\/\/jorgezanoni.com.br\/2019\/morador-de-salmourao-morre-em-grave-acidente-na-estrada-do-bairro-lagoa-azul\/","title":{"rendered":"Morador de Salmour\u00e3o morre em grave acidente na estrada do bairro Lagoa Azul"},"content":{"rendered":"<p style=\"text-align: justify;\">Um grave acidente foi registrado pela Policia Militar de Osvaldo Cruz neste s\u00e1bado, dia 12 de outubro, e tirou a vida de Jos\u00e9 Pereira dos Santos, de 61 anos, morador da cidade de Salmour\u00e3o.<\/p>\n<p><img loading=\"lazy\" decoding=\"async\" class=\"alignnone size-full wp-image-8668\" src=\"https:\/\/jorgezanoni.com.br\/2019\/wp-content\/uploads\/2019\/10\/salmor\u00e3o1.jpg\" alt=\"\" width=\"1280\" height=\"622\" srcset=\"https:\/\/jorgezanoni.com.br\/2019\/wp-content\/uploads\/2019\/10\/salmor\u00e3o1.jpg 1280w, https:\/\/jorgezanoni.com.br\/2019\/wp-content\/uploads\/2019\/10\/salmor\u00e3o1-300x146.jpg 300w, https:\/\/jorgezanoni.com.br\/2019\/wp-content\/uploads\/2019\/10\/salmor\u00e3o1-768x373.jpg 768w, https:\/\/jorgezanoni.com.br\/2019\/wp-content\/uploads\/2019\/10\/salmor\u00e3o1-1024x498.jpg 1024w, https:\/\/jorgezanoni.com.br\/2019\/wp-content\/uploads\/2019\/10\/salmor\u00e3o1-696x338.jpg 696w, https:\/\/jorgezanoni.com.br\/2019\/wp-content\/uploads\/2019\/10\/salmor\u00e3o1-1068x519.jpg 1068w, https:\/\/jorgezanoni.com.br\/2019\/wp-content\/uploads\/2019\/10\/salmor\u00e3o1-864x420.jpg 864w\" sizes=\"auto, (max-width: 1280px) 100vw, 1280px\" \/>Foto:Cristiano Nascimento\/Portal Metr\u00f3pole de Not\u00edcias.<\/p>\n<p style=\"text-align: justify;\">Segundo informa\u00e7\u00f5es, a v\u00edtima conduzia um veiculo Fox no sentido vicinal Osvaldo Cruz \u2013 Salmour\u00e3o ao Bairro Lagoa Azul e no Km 10+200 metros, por motivos a serem investigados, perdeu o controle do carro e colidiu contra algumas arvores existentes no local.<\/p>\n<p style=\"text-align: justify;\">Z\u00e9 Paraguai, como era conhecido, chegou a ser socorrido pela a Unidade de Resgate do Corpo de Bombeiros para a Santa Casa de Osvaldo Cruz, mas n\u00e3o resistiu aos ferimento e faleceu.<\/p>\n<p><img loading=\"lazy\" decoding=\"async\" class=\"alignnone size-full wp-image-8669\" src=\"https:\/\/jorgezanoni.com.br\/2019\/wp-content\/uploads\/2019\/10\/salmor\u00e3o2.jpg\" alt=\"\" width=\"1280\" height=\"622\" srcset=\"https:\/\/jorgezanoni.com.br\/2019\/wp-content\/uploads\/2019\/10\/salmor\u00e3o2.jpg 1280w, https:\/\/jorgezanoni.com.br\/2019\/wp-content\/uploads\/2019\/10\/salmor\u00e3o2-300x146.jpg 300w, https:\/\/jorgezanoni.com.br\/2019\/wp-content\/uploads\/2019\/10\/salmor\u00e3o2-768x373.jpg 768w, https:\/\/jorgezanoni.com.br\/2019\/wp-content\/uploads\/2019\/10\/salmor\u00e3o2-1024x498.jpg 1024w, https:\/\/jorgezanoni.com.br\/2019\/wp-content\/uploads\/2019\/10\/salmor\u00e3o2-696x338.jpg 696w, https:\/\/jorgezanoni.com.br\/2019\/wp-content\/uploads\/2019\/10\/salmor\u00e3o2-1068x519.jpg 1068w, https:\/\/jorgezanoni.com.br\/2019\/wp-content\/uploads\/2019\/10\/salmor\u00e3o2-864x420.jpg 864w\" sizes=\"auto, (max-width: 1280px) 100vw, 1280px\" \/>Foto:Cristiano Nascimento\/Portal Metr\u00f3pole de Not\u00edcias.<\/p>\n<p style=\"text-align: justify;\">Trabalharam na ocorr\u00eancia a Policia Militar de Osvaldo Cruz e Salmour\u00e3o, o Corpo de Bombeiros de Osvaldo Cruz e Policia Cientifica de Adamantina.<\/p>\n<p>Fonte: fmmetropole.com.br<\/p>\n","protected":false},"excerpt":{"rendered":"<p>Um grave acidente foi registrado pela Policia Militar de Osvaldo Cruz neste s\u00e1bado, dia 12 de outubro, e tirou a vida de Jos\u00e9 Pereira dos Santos, de 61 anos, morador da cidade de Salmour\u00e3o. Foto:Cristiano Nascimento\/Portal Metr\u00f3pole de Not\u00edcias. Segundo informa\u00e7\u00f5es, a v\u00edtima conduzia um veiculo Fox no sentido vicinal Osvaldo Cruz \u2013 Salmour\u00e3o ao [&hellip;]<\/p>\n","protected":false},"author":1,"featured_media":8670,"comment_status":"closed","ping_status":"open","sticky":false,"template":"","format":"standard","meta":{"footnotes":""},"categories":[170,110],"tags":[],"class_list":["post-8667","post","type-post","status-publish","format-standard","has-post-thumbnail","hentry","category-acidentes","category-noticiasdestaque"],"_links":{"self":[{"href":"https:\/\/jorgezanoni.com.br\/2019\/wp-json\/wp\/v2\/posts\/8667","targetHints":{"allow":["GET"]}}],"collection":[{"href":"https:\/\/jorgezanoni.com.br\/2019\/wp-json\/wp\/v2\/posts"}],"about":[{"href":"https:\/\/jorgezanoni.com.br\/2019\/wp-json\/wp\/v2\/types\/post"}],"author":[{"embeddable":true,"href":"https:\/\/jorgezanoni.com.br\/2019\/wp-json\/wp\/v2\/users\/1"}],"replies":[{"embeddable":true,"href":"https:\/\/jorgezanoni.com.br\/2019\/wp-json\/wp\/v2\/comments?post=8667"}],"version-history":[{"count":0,"href":"https:\/\/jorgezanoni.com.br\/2019\/wp-json\/wp\/v2\/posts\/8667\/revisions"}],"wp:featuredmedia":[{"embeddable":true,"href":"https:\/\/jorgezanoni.com.br\/2019\/wp-json\/wp\/v2\/media\/8670"}],"wp:attachment":[{"href":"https:\/\/jorgezanoni.com.br\/2019\/wp-json\/wp\/v2\/media?parent=8667"}],"wp:term":[{"taxonomy":"category","embeddable":true,"href":"https:\/\/jorgezanoni.com.br\/2019\/wp-json\/wp\/v2\/categories?post=8667"},{"taxonomy":"post_tag","embeddable":true,"href":"https:\/\/jorgezanoni.com.br\/2019\/wp-json\/wp\/v2\/tags?post=8667"}],"curies":[{"name":"wp","href":"https:\/\/api.w.org\/{rel}","templated":true}]}}