{"id":8664,"date":"2019-10-13T13:13:55","date_gmt":"2019-10-13T13:13:55","guid":{"rendered":"https:\/\/jorgezanoni.com.br\/2019\/?p=8664"},"modified":"2019-10-13T13:13:55","modified_gmt":"2019-10-13T13:13:55","slug":"homem-e-morto-a-tiros-em-osvaldo-cruz","status":"publish","type":"post","link":"https:\/\/jorgezanoni.com.br\/2019\/homem-e-morto-a-tiros-em-osvaldo-cruz\/","title":{"rendered":"Homem \u00e9 morto a tiros em Osvaldo Cruz"},"content":{"rendered":"<p style=\"text-align: justify;\">A Pol\u00edcia Militar de Osvaldo Cruz atendeu ontem a noite uma ocorr\u00eancia de homic\u00eddio que foi registrado na Vila Cavaru.<\/p>\n<p style=\"text-align: justify;\">Segundo as primeiras informa\u00e7\u00f5es, um homem identificado como Roberto Moreno Ladeira, de 42 anos, foi atingido com um tiro na cabe\u00e7a, sendo socorrido pela Unidade Resgate do Corpo de Bombeiros, por\u00e9m n\u00e3o resistiu aos ferimentos e faleceu.<\/p>\n<p style=\"text-align: justify;\">Esposa da v\u00edtima M.P.L., de 36 anos, tamb\u00e9m foi alvejada com dois tiros, um na cabe\u00e7a e outro nas costas. Ela foi socorrido pela Unidade de Resgate e encaminhada para a Santa Casa consciente. F.H.P.l., filho da v\u00edtima, foi socorrido pela Unidade Resgate para Santa Casa com v\u00e1rias escoria\u00e7\u00f5es que teriam ocorrido devido a uma briga no local.<\/p>\n<p style=\"text-align: justify;\">Segundo informa\u00e7\u00f5es, o autor do homic\u00eddio seria um homem conhecido pelos populares da comunidade e o motivo teria sido devido a um acerto de contas, foi ainda apurado pela reportagem que o autor havia sofrido agress\u00e3o pela vitima e familiares alguns dias atr\u00e1s e hoje resolveu acertar as contas.<\/p>\n<p style=\"text-align: justify;\">A ocorr\u00eancia ainda segue em atendimento pela Pol\u00edcia Militar de Osvaldo Cruz, For\u00e7a T\u00e1tica e Pol\u00edcia Civil do munic\u00edpio. O autor esta foragido.<\/p>\n<p style=\"text-align: justify;\">Fonte:fmmetropole.com.br<\/p>\n","protected":false},"excerpt":{"rendered":"<p>A Pol\u00edcia Militar de Osvaldo Cruz atendeu ontem a noite uma ocorr\u00eancia de homic\u00eddio que foi registrado na Vila Cavaru. Segundo as primeiras informa\u00e7\u00f5es, um homem identificado como Roberto Moreno Ladeira, de 42 anos, foi atingido com um tiro na cabe\u00e7a, sendo socorrido pela Unidade Resgate do Corpo de Bombeiros, por\u00e9m n\u00e3o resistiu aos ferimentos [&hellip;]<\/p>\n","protected":false},"author":1,"featured_media":8665,"comment_status":"closed","ping_status":"open","sticky":false,"template":"","format":"standard","meta":{"footnotes":""},"categories":[110,2],"tags":[],"class_list":["post-8664","post","type-post","status-publish","format-standard","has-post-thumbnail","hentry","category-noticiasdestaque","category-policial"],"_links":{"self":[{"href":"https:\/\/jorgezanoni.com.br\/2019\/wp-json\/wp\/v2\/posts\/8664","targetHints":{"allow":["GET"]}}],"collection":[{"href":"https:\/\/jorgezanoni.com.br\/2019\/wp-json\/wp\/v2\/posts"}],"about":[{"href":"https:\/\/jorgezanoni.com.br\/2019\/wp-json\/wp\/v2\/types\/post"}],"author":[{"embeddable":true,"href":"https:\/\/jorgezanoni.com.br\/2019\/wp-json\/wp\/v2\/users\/1"}],"replies":[{"embeddable":true,"href":"https:\/\/jorgezanoni.com.br\/2019\/wp-json\/wp\/v2\/comments?post=8664"}],"version-history":[{"count":0,"href":"https:\/\/jorgezanoni.com.br\/2019\/wp-json\/wp\/v2\/posts\/8664\/revisions"}],"wp:featuredmedia":[{"embeddable":true,"href":"https:\/\/jorgezanoni.com.br\/2019\/wp-json\/wp\/v2\/media\/8665"}],"wp:attachment":[{"href":"https:\/\/jorgezanoni.com.br\/2019\/wp-json\/wp\/v2\/media?parent=8664"}],"wp:term":[{"taxonomy":"category","embeddable":true,"href":"https:\/\/jorgezanoni.com.br\/2019\/wp-json\/wp\/v2\/categories?post=8664"},{"taxonomy":"post_tag","embeddable":true,"href":"https:\/\/jorgezanoni.com.br\/2019\/wp-json\/wp\/v2\/tags?post=8664"}],"curies":[{"name":"wp","href":"https:\/\/api.w.org\/{rel}","templated":true}]}}