{"id":86617,"date":"2024-06-02T15:54:07","date_gmt":"2024-06-02T15:54:07","guid":{"rendered":"https:\/\/jorgezanoni.com.br\/2019\/?p=86617"},"modified":"2024-06-02T15:54:07","modified_gmt":"2024-06-02T15:54:07","slug":"policia-militar-em-acao-da-forca-tatica-prende-dois-homens-por-trafico-de-drogas-em-dracena","status":"publish","type":"post","link":"https:\/\/jorgezanoni.com.br\/2019\/policia-militar-em-acao-da-forca-tatica-prende-dois-homens-por-trafico-de-drogas-em-dracena\/","title":{"rendered":"Pol\u00edcia Militar em a\u00e7\u00e3o da For\u00e7a T\u00e1tica prende dois homens por Tr\u00e1fico de Drogas em Dracena"},"content":{"rendered":"<p style=\"text-align: justify;\">Na data de sexta-feira (31) por volta das 23h20min durante patrulhamento de For\u00e7a T\u00e1tica, e outras equipes policiais de Dracena, realizaram o acompanhamento que se deu em toda a extens\u00e3o da av. Presidente roosevelt, mesmo com v\u00e1rias tentativas de abordagem, empreenderam fuga em alta velocidade, passando por diversos cruzamentos da \u00e1rea central, sendo realizada a abordagem de seus ocupantes (2 homens 23 e 24 anos). Ap\u00f3s busca pessoal, nada de il\u00edcito fora encontrado, por\u00e9m, ap\u00f3s busca veicular foi localizado o entorpecente (42 papelotes de maconha). Dados e partes ao plant\u00e3o central, mantendo ambos presos e \u00e0 disposi\u00e7\u00e3o da Justi\u00e7a.<\/p>\n<p>Fonte: Com. Social Pol\u00edcia Militar<\/p>\n","protected":false},"excerpt":{"rendered":"<p>Na data de sexta-feira (31) por volta das 23h20min durante patrulhamento de For\u00e7a T\u00e1tica, e outras equipes policiais de Dracena, realizaram o acompanhamento que se deu em toda a extens\u00e3o da av. Presidente roosevelt, mesmo com v\u00e1rias tentativas de abordagem, empreenderam fuga em alta velocidade, passando por diversos cruzamentos da \u00e1rea central, sendo realizada a [&hellip;]<\/p>\n","protected":false},"author":1,"featured_media":86618,"comment_status":"closed","ping_status":"open","sticky":false,"template":"","format":"standard","meta":{"footnotes":""},"categories":[110,2],"tags":[],"class_list":["post-86617","post","type-post","status-publish","format-standard","has-post-thumbnail","hentry","category-noticiasdestaque","category-policial"],"_links":{"self":[{"href":"https:\/\/jorgezanoni.com.br\/2019\/wp-json\/wp\/v2\/posts\/86617","targetHints":{"allow":["GET"]}}],"collection":[{"href":"https:\/\/jorgezanoni.com.br\/2019\/wp-json\/wp\/v2\/posts"}],"about":[{"href":"https:\/\/jorgezanoni.com.br\/2019\/wp-json\/wp\/v2\/types\/post"}],"author":[{"embeddable":true,"href":"https:\/\/jorgezanoni.com.br\/2019\/wp-json\/wp\/v2\/users\/1"}],"replies":[{"embeddable":true,"href":"https:\/\/jorgezanoni.com.br\/2019\/wp-json\/wp\/v2\/comments?post=86617"}],"version-history":[{"count":1,"href":"https:\/\/jorgezanoni.com.br\/2019\/wp-json\/wp\/v2\/posts\/86617\/revisions"}],"predecessor-version":[{"id":86619,"href":"https:\/\/jorgezanoni.com.br\/2019\/wp-json\/wp\/v2\/posts\/86617\/revisions\/86619"}],"wp:featuredmedia":[{"embeddable":true,"href":"https:\/\/jorgezanoni.com.br\/2019\/wp-json\/wp\/v2\/media\/86618"}],"wp:attachment":[{"href":"https:\/\/jorgezanoni.com.br\/2019\/wp-json\/wp\/v2\/media?parent=86617"}],"wp:term":[{"taxonomy":"category","embeddable":true,"href":"https:\/\/jorgezanoni.com.br\/2019\/wp-json\/wp\/v2\/categories?post=86617"},{"taxonomy":"post_tag","embeddable":true,"href":"https:\/\/jorgezanoni.com.br\/2019\/wp-json\/wp\/v2\/tags?post=86617"}],"curies":[{"name":"wp","href":"https:\/\/api.w.org\/{rel}","templated":true}]}}