{"id":86597,"date":"2024-06-01T13:38:27","date_gmt":"2024-06-01T13:38:27","guid":{"rendered":"https:\/\/jorgezanoni.com.br\/2019\/?p=86597"},"modified":"2024-06-01T13:38:27","modified_gmt":"2024-06-01T13:38:27","slug":"apos-operacao-policial-tj-sp-manda-soltar-condenados-por-corrupcao-ativa-e-lavagem-de-dinheiro-em-dracena-e-panorama","status":"publish","type":"post","link":"https:\/\/jorgezanoni.com.br\/2019\/apos-operacao-policial-tj-sp-manda-soltar-condenados-por-corrupcao-ativa-e-lavagem-de-dinheiro-em-dracena-e-panorama\/","title":{"rendered":"Ap\u00f3s opera\u00e7\u00e3o policial, TJ-SP manda soltar condenados por corrup\u00e7\u00e3o ativa e lavagem de dinheiro em Dracena e Panorama"},"content":{"rendered":"<h2 class=\"content-head__subtitle\" style=\"text-align: justify;\"><strong>Habeas-corpus foram concedidos pelo Plant\u00e3o Judicial,\u00a0 quinta-feira (30).<\/strong><\/h2>\n<p style=\"text-align: justify;\">O Tribunal de Justi\u00e7a do Estado de S\u00e3o Paulo (TJ-SP) mandou soltar, nesta quinta-feira (30), as tr\u00eas pessoas que foram presas durante a\u00a0<a class=\"\" href=\"https:\/\/g1.globo.com\/sp\/presidente-prudente-regiao\/noticia\/2024\/05\/30\/operacao-policial-bloqueia-r-10-milhoes-em-bens-e-cumpre-mandados-de-prisao-no-oeste-paulista.ghtml\" data-mrf-link=\"https:\/\/g1.globo.com\/sp\/presidente-prudente-regiao\/noticia\/2024\/05\/30\/operacao-policial-bloqueia-r-10-milhoes-em-bens-e-cumpre-mandados-de-prisao-no-oeste-paulista.ghtml\">Opera\u00e7\u00e3o Amicus Curiae<\/a>, em\u00a0<a class=\"\" href=\"https:\/\/g1.globo.com\/sp\/presidente-prudente-regiao\/cidade\/dracena\/\" data-mrf-link=\"https:\/\/g1.globo.com\/sp\/presidente-prudente-regiao\/cidade\/dracena\/\">Dracena (SP)<\/a>\u00a0e\u00a0<a class=\"\" href=\"https:\/\/g1.globo.com\/sp\/presidente-prudente-regiao\/cidade\/panorama\/\" data-mrf-link=\"https:\/\/g1.globo.com\/sp\/presidente-prudente-regiao\/cidade\/panorama\/\">Panorama (SP)<\/a>.<\/p>\n<div id=\"chunk-augb5\" style=\"text-align: justify;\">\n<div class=\"mc-column content-text active-extra-styles \" data-block-type=\"unstyled\" data-block-weight=\"56\" data-block-id=\"4\">\n<p class=\" content-text__container \" data-track-category=\"Link no Texto\" data-track-links=\"\" data-mrf-recirculation=\"Article links\">Os\u00a0<em>habeas-corpus<\/em>\u00a0foram concedidos pelo Plant\u00e3o Judicial do TJ-SP e o relator do caso, desembargador Nelson Fonseca J\u00fanior, levou em considera\u00e7\u00e3o na decis\u00e3o que os condenados responderam todo o processo em liberdade, &#8220;n\u00e3o sendo poss\u00edvel afirmar que eles tenham comprometido, de alguma forma, a ordem p\u00fablica, ou mesmo estejam se furtando \u00e0 aplica\u00e7\u00e3o da lei penal\u201d.<\/p>\n<\/div>\n<\/div>\n<div id=\"chunk-attug\" style=\"text-align: justify;\">\n<div class=\"mc-column content-text active-extra-styles \" data-block-type=\"unstyled\" data-block-weight=\"47\" data-block-id=\"5\">\n<p class=\" content-text__container \" data-track-category=\"Link no Texto\" data-track-links=\"\" data-mrf-recirculation=\"Article links\">\u201cSendo assim, defiro o pedido liminar a fim de conceder aos pacientes o direito de recorrer em liberdade, expedindo-se os respectivos contramandados de pris\u00e3o ou, se o caso, alvar\u00e1s de solturas, clausulados, estendendo-se esta decis\u00e3o aos demais coacusados, que se encontram na mesma situa\u00e7\u00e3o f\u00e1tica\u201d, finalizou J\u00fanior.<\/p>\n<\/div>\n<\/div>\n<div id=\"chunk-d1tg8\" style=\"text-align: justify;\">\n<div class=\"mc-column content-text active-extra-styles\" data-block-type=\"raw\" data-block-weight=\"3\" data-block-id=\"6\">\n<div class=\"content-intertitle\">\n<h2>Opera\u00e7\u00e3o Amicus Curiae<\/h2>\n<\/div>\n<\/div>\n<\/div>\n<div id=\"chunk-f0r5p\" style=\"text-align: justify;\">\n<div class=\"mc-column content-text active-extra-styles \" data-block-type=\"unstyled\" data-block-weight=\"42\" data-block-id=\"7\">\n<p class=\" content-text__container \" data-track-category=\"Link no Texto\" data-track-links=\"\" data-mrf-recirculation=\"Article links\">A Opera\u00e7\u00e3o Amicus Curiae cumpriu, nesta quarta-feira (29), quatro mandados de pris\u00e3o por lavagem de dinheiro e corrup\u00e7\u00e3o ativa em Dracena e Panorama. Al\u00e9m disso, a a\u00e7\u00e3o resultou no bloqueio de mais de R$ 10 milh\u00f5es em im\u00f3veis e dinheiro dos envolvidos.<\/p>\n<\/div>\n<\/div>\n<div id=\"chunk-cgin1\">\n<div class=\"mc-column content-text active-extra-styles \" data-block-type=\"unstyled\" data-block-weight=\"36\" data-block-id=\"8\">\n<p class=\" content-text__container \" style=\"text-align: justify;\" data-track-category=\"Link no Texto\" data-track-links=\"\" data-mrf-recirculation=\"Article links\">Segundo a Pol\u00edcia Civil, as investiga\u00e7\u00f5es tiveram in\u00edcio em 2008 e os agentes descobriram que os alvos da opera\u00e7\u00e3o \u201ccompravam olarias ou cer\u00e2micas inativas ou em dificuldades financeiras, simulando mediante documentos cont\u00e1beis falsos uma alta produtividade\u201d.<\/p>\n<p style=\"text-align: justify;\" data-track-category=\"Link no Texto\" data-track-links=\"\" data-mrf-recirculation=\"Article links\">Devido \u00e0 forma\u00e7\u00e3o do lago para a constru\u00e7\u00e3o da Usina Hidrel\u00e9trica Engenheiro S\u00e9rgio Motta, houve a inunda\u00e7\u00e3o de terrenos \u00e0s margens do Rio Paran\u00e1, ocasionando perda de argila, a mat\u00e9ria-prima indispens\u00e1vel para produ\u00e7\u00e3o das empresas ceramistas.<\/p>\n<div id=\"chunk-f3e15\" style=\"text-align: justify;\">\n<div class=\"mc-column content-text active-extra-styles \" data-block-type=\"unstyled\" data-block-weight=\"36\" data-block-id=\"13\">\n<p class=\" content-text__container \" data-track-category=\"Link no Texto\" data-track-links=\"\" data-mrf-recirculation=\"Article links\">\u201cEm raz\u00e3o dos supostos preju\u00edzos sofridos, os acusados solicitavam indeniza\u00e7\u00f5es significativas, corrompendo funcion\u00e1rios da Companhia Energ\u00e9tica de S\u00e3o Paulo (Cesp) para inflar os valores das indeniza\u00e7\u00f5es, causando enormes preju\u00edzos financeiros \u00e0 companhia\u201d, afirmou a Pol\u00edcia Civil.<\/p>\n<\/div>\n<\/div>\n<div id=\"chunk-el2pn\" style=\"text-align: justify;\">\n<div class=\"mc-column content-text active-extra-styles \" data-block-type=\"unstyled\" data-block-weight=\"47\" data-block-id=\"14\">\n<p class=\" content-text__container \" data-track-category=\"Link no Texto\" data-track-links=\"\" data-mrf-recirculation=\"Article links\">Ainda conforme a corpora\u00e7\u00e3o, em 2023, foram cumpridos mandados de busca e apreens\u00e3o nas resid\u00eancias e escrit\u00f3rios dos envolvidos, apreendendo documentos que foram analisados e inclu\u00eddos no processo criminal. Al\u00e9m disso, a Pol\u00edcia Civil tamb\u00e9m bloqueou mais de R$ 10 milh\u00f5es em bens e dinheiro dos envolvidos.<\/p>\n<\/div>\n<\/div>\n<div id=\"chunk-1jioa\">\n<div class=\"mc-column content-text active-extra-styles \" data-block-type=\"unstyled\" data-block-weight=\"34\" data-block-id=\"15\">\n<p class=\" content-text__container \" style=\"text-align: justify;\" data-track-category=\"Link no Texto\" data-track-links=\"\" data-mrf-recirculation=\"Article links\">\u201cAp\u00f3s a conclus\u00e3o das investiga\u00e7\u00f5es, os r\u00e9us foram processados e condenados por lavagem de dinheiro e corrup\u00e7\u00e3o ativa, cada um a mais de 35 anos de reclus\u00e3o em regime inicial fechado\u201d, ressaltou os policiais.<\/p>\n<p data-track-category=\"Link no Texto\" data-track-links=\"\" data-mrf-recirculation=\"Article links\">Fonte: G1<\/p>\n<p data-track-category=\"Link no Texto\" data-track-links=\"\" data-mrf-recirculation=\"Article links\">Imagem Ilustrativa<\/p>\n<\/div>\n<\/div>\n<\/div>\n<\/div>\n","protected":false},"excerpt":{"rendered":"<p>Habeas-corpus foram concedidos pelo Plant\u00e3o Judicial,\u00a0 quinta-feira (30). O Tribunal de Justi\u00e7a do Estado de S\u00e3o Paulo (TJ-SP) mandou soltar, nesta quinta-feira (30), as tr\u00eas pessoas que foram presas durante a\u00a0Opera\u00e7\u00e3o Amicus Curiae, em\u00a0Dracena (SP)\u00a0e\u00a0Panorama (SP). Os\u00a0habeas-corpus\u00a0foram concedidos pelo Plant\u00e3o Judicial do TJ-SP e o relator do caso, desembargador Nelson Fonseca J\u00fanior, levou em considera\u00e7\u00e3o [&hellip;]<\/p>\n","protected":false},"author":1,"featured_media":86598,"comment_status":"closed","ping_status":"open","sticky":false,"template":"","format":"standard","meta":{"footnotes":""},"categories":[120,110,2],"tags":[],"class_list":["post-86597","post","type-post","status-publish","format-standard","has-post-thumbnail","hentry","category-justicahabitacaotecnologia","category-noticiasdestaque","category-policial"],"_links":{"self":[{"href":"https:\/\/jorgezanoni.com.br\/2019\/wp-json\/wp\/v2\/posts\/86597","targetHints":{"allow":["GET"]}}],"collection":[{"href":"https:\/\/jorgezanoni.com.br\/2019\/wp-json\/wp\/v2\/posts"}],"about":[{"href":"https:\/\/jorgezanoni.com.br\/2019\/wp-json\/wp\/v2\/types\/post"}],"author":[{"embeddable":true,"href":"https:\/\/jorgezanoni.com.br\/2019\/wp-json\/wp\/v2\/users\/1"}],"replies":[{"embeddable":true,"href":"https:\/\/jorgezanoni.com.br\/2019\/wp-json\/wp\/v2\/comments?post=86597"}],"version-history":[{"count":1,"href":"https:\/\/jorgezanoni.com.br\/2019\/wp-json\/wp\/v2\/posts\/86597\/revisions"}],"predecessor-version":[{"id":86599,"href":"https:\/\/jorgezanoni.com.br\/2019\/wp-json\/wp\/v2\/posts\/86597\/revisions\/86599"}],"wp:featuredmedia":[{"embeddable":true,"href":"https:\/\/jorgezanoni.com.br\/2019\/wp-json\/wp\/v2\/media\/86598"}],"wp:attachment":[{"href":"https:\/\/jorgezanoni.com.br\/2019\/wp-json\/wp\/v2\/media?parent=86597"}],"wp:term":[{"taxonomy":"category","embeddable":true,"href":"https:\/\/jorgezanoni.com.br\/2019\/wp-json\/wp\/v2\/categories?post=86597"},{"taxonomy":"post_tag","embeddable":true,"href":"https:\/\/jorgezanoni.com.br\/2019\/wp-json\/wp\/v2\/tags?post=86597"}],"curies":[{"name":"wp","href":"https:\/\/api.w.org\/{rel}","templated":true}]}}