{"id":86593,"date":"2024-06-01T13:29:59","date_gmt":"2024-06-01T13:29:59","guid":{"rendered":"https:\/\/jorgezanoni.com.br\/2019\/?p=86593"},"modified":"2024-06-01T13:29:59","modified_gmt":"2024-06-01T13:29:59","slug":"policia-militar-prende-homem-por-trafico-de-drogas-em-dracena-16","status":"publish","type":"post","link":"https:\/\/jorgezanoni.com.br\/2019\/policia-militar-prende-homem-por-trafico-de-drogas-em-dracena-16\/","title":{"rendered":"Pol\u00edcia Militar prende homem por Tr\u00e1fico de Drogas em Dracena"},"content":{"rendered":"<p style=\"text-align: justify;\">Na data de ontem (31) por volta das 20h policiais militares do 25\u00ba Batalh\u00e3o de Pol\u00edcia Militar do Interior durante patrulhamento ostensivo preventivo e manuten\u00e7\u00e3o da ordem p\u00fablica pela rua Marechal Deodoro da Fonseca em Dracena avistou o indiciado (homem 42 anos) qual estava de garupa na motocicleta 150 cg cor cinza, que era conduzida pelo moto-taxista, e foi visualizado algo na m\u00e3o esquerda do garupa aparentemente sendo droga e abordado na rua Adholfo Cavalhieri e neste momento que o garupa desceu da motocicleta dispensou uma pedra bruta de crack pesando 0,010kg que fracionado faria 100 pedras menores, as quais seriam vendidas a R$10,00 reais cada uma. Fora dado voz de pris\u00e3o, conduzido ao plant\u00e3o policial de Dracena e o autor permaneceu a disposi\u00e7\u00e3o da Justi\u00e7a.<\/p>\n<p><img loading=\"lazy\" decoding=\"async\" class=\"alignnone size-full wp-image-86595\" src=\"https:\/\/jorgezanoni.com.br\/2019\/wp-content\/uploads\/2024\/06\/droga-Pequeno.jpg\" alt=\"\" width=\"270\" height=\"480\" srcset=\"https:\/\/jorgezanoni.com.br\/2019\/wp-content\/uploads\/2024\/06\/droga-Pequeno.jpg 270w, https:\/\/jorgezanoni.com.br\/2019\/wp-content\/uploads\/2024\/06\/droga-Pequeno-169x300.jpg 169w, https:\/\/jorgezanoni.com.br\/2019\/wp-content\/uploads\/2024\/06\/droga-Pequeno-236x420.jpg 236w\" sizes=\"auto, (max-width: 270px) 100vw, 270px\" \/><\/p>\n<p>Fonte: Comunica\u00e7\u00e3o Social Pol\u00edcia Militar<\/p>\n","protected":false},"excerpt":{"rendered":"<p>Na data de ontem (31) por volta das 20h policiais militares do 25\u00ba Batalh\u00e3o de Pol\u00edcia Militar do Interior durante patrulhamento ostensivo preventivo e manuten\u00e7\u00e3o da ordem p\u00fablica pela rua Marechal Deodoro da Fonseca em Dracena avistou o indiciado (homem 42 anos) qual estava de garupa na motocicleta 150 cg cor cinza, que era conduzida [&hellip;]<\/p>\n","protected":false},"author":1,"featured_media":86594,"comment_status":"closed","ping_status":"open","sticky":false,"template":"","format":"standard","meta":{"footnotes":""},"categories":[110,2],"tags":[],"class_list":["post-86593","post","type-post","status-publish","format-standard","has-post-thumbnail","hentry","category-noticiasdestaque","category-policial"],"_links":{"self":[{"href":"https:\/\/jorgezanoni.com.br\/2019\/wp-json\/wp\/v2\/posts\/86593","targetHints":{"allow":["GET"]}}],"collection":[{"href":"https:\/\/jorgezanoni.com.br\/2019\/wp-json\/wp\/v2\/posts"}],"about":[{"href":"https:\/\/jorgezanoni.com.br\/2019\/wp-json\/wp\/v2\/types\/post"}],"author":[{"embeddable":true,"href":"https:\/\/jorgezanoni.com.br\/2019\/wp-json\/wp\/v2\/users\/1"}],"replies":[{"embeddable":true,"href":"https:\/\/jorgezanoni.com.br\/2019\/wp-json\/wp\/v2\/comments?post=86593"}],"version-history":[{"count":1,"href":"https:\/\/jorgezanoni.com.br\/2019\/wp-json\/wp\/v2\/posts\/86593\/revisions"}],"predecessor-version":[{"id":86596,"href":"https:\/\/jorgezanoni.com.br\/2019\/wp-json\/wp\/v2\/posts\/86593\/revisions\/86596"}],"wp:featuredmedia":[{"embeddable":true,"href":"https:\/\/jorgezanoni.com.br\/2019\/wp-json\/wp\/v2\/media\/86594"}],"wp:attachment":[{"href":"https:\/\/jorgezanoni.com.br\/2019\/wp-json\/wp\/v2\/media?parent=86593"}],"wp:term":[{"taxonomy":"category","embeddable":true,"href":"https:\/\/jorgezanoni.com.br\/2019\/wp-json\/wp\/v2\/categories?post=86593"},{"taxonomy":"post_tag","embeddable":true,"href":"https:\/\/jorgezanoni.com.br\/2019\/wp-json\/wp\/v2\/tags?post=86593"}],"curies":[{"name":"wp","href":"https:\/\/api.w.org\/{rel}","templated":true}]}}