{"id":86526,"date":"2024-05-29T22:39:59","date_gmt":"2024-05-29T22:39:59","guid":{"rendered":"https:\/\/jorgezanoni.com.br\/2019\/?p=86526"},"modified":"2024-05-29T22:39:59","modified_gmt":"2024-05-29T22:39:59","slug":"operacao-amicus-curiae-policia-civil-cumpre-mandados-de-prisao-por-sentenca-condenatoria-em-dracena-e-panorama","status":"publish","type":"post","link":"https:\/\/jorgezanoni.com.br\/2019\/operacao-amicus-curiae-policia-civil-cumpre-mandados-de-prisao-por-sentenca-condenatoria-em-dracena-e-panorama\/","title":{"rendered":"OPERA\u00c7\u00c3O &#8220;AMICUS CURIAE&#8221;: Pol\u00edcia Civil cumpre mandados de pris\u00e3o por senten\u00e7a condenat\u00f3ria em Dracena e Panorama"},"content":{"rendered":"<p style=\"text-align: justify;\"><strong>A a\u00e7\u00e3o resultou ainda no bloqueio de mais de R$ 10 milh\u00f5es em bens im\u00f3veis e dinheiro de quatro pessoas envolvidas, condenadas a mais de 35 anos de pris\u00e3o.<\/strong><\/p>\n<p style=\"text-align: justify;\">A Pol\u00edcia Civil, por interm\u00e9dio das Unidades Especializadas &#8211; DIG\/DISE, do Centro de Intelig\u00eancia Policial (CIP) da Delegacia Seccional de Pol\u00edcia de Dracena e da Delegacia de Pol\u00edcia de Panorama, deflagrou nesta quarta-feira (29) uma opera\u00e7\u00e3o visando o cumprimento de quatro mandados de pris\u00e3o expedidos pela 1\u00aa Vara da Comarca de Dracena.<\/p>\n<p style=\"text-align: justify;\">A opera\u00e7\u00e3o ocorreu simultaneamente em Dracena e Panorama, resultando na pris\u00e3o de um homem de 60 anos e uma mulher de 53 anos em Dracena, e uma mulher de 36 anos em Panorama. O pai da mulher de 36 anos, um homem de 65 anos, n\u00e3o foi localizado e \u00e9 considerado foragido da Justi\u00e7a.<\/p>\n<p style=\"text-align: justify;\">As investiga\u00e7\u00f5es tiveram in\u00edcio em 2008 e foram conduzidas pela DIG\/DISE de Dracena, com o apoio do Grupo de Atua\u00e7\u00e3o Especial de Repress\u00e3o ao Crime Organizado (GAECO) do Minist\u00e9rio P\u00fablico de S\u00e3o Paulo. Os crimes investigados incluem lavagem de dinheiro e corrup\u00e7\u00e3o ativa, vitimaram a antiga CESP (Companhia Energ\u00e9tica de S\u00e3o Paulo).<\/p>\n<p style=\"text-align: justify;\">Durante as investiga\u00e7\u00f5es, descobriu-se que os presos compravam olarias ou cer\u00e2micas inativas ou em dificuldades financeiras, simulando mediante documentos cont\u00e1beis falsos uma alta produtividade. Em decorr\u00eancia da forma\u00e7\u00e3o do lago para a constru\u00e7\u00e3o da Usina Hidrel\u00e9trica Engenheiro S\u00e9rgio Motta, houve inunda\u00e7\u00e3o de terrenos as margens do Rio Paran\u00e1, ocasionando perda de argila, que \u00e9 a mat\u00e9ria prima indispens\u00e1vel para produ\u00e7\u00e3o das empresas ceramistas. Em raz\u00e3o dos supostos preju\u00edzos sofridos, os acusados solicitavam indeniza\u00e7\u00f5es significativas, corrompendo funcion\u00e1rios da CESP para inflar os valores das indeniza\u00e7\u00f5es, causando enormes preju\u00edzos financeiros \u00e0 companhia.<\/p>\n<p style=\"text-align: justify;\">No ano passado, a Pol\u00edcia Civil cumpriu mandados de busca e apreens\u00e3o nas resid\u00eancias e escrit\u00f3rios dos envolvidos, apreendendo documentos que foram analisados e inclu\u00eddos no processo criminal. Tamb\u00e9m foram bloqueados mais de R$ 10 milh\u00f5es em bens e dinheiro dos envolvidos.<\/p>\n<p style=\"text-align: justify;\">Ap\u00f3s a conclus\u00e3o das investiga\u00e7\u00f5es, os r\u00e9us foram processados e condenados por lavagem de dinheiro e corrup\u00e7\u00e3o ativa, cada um a mais de 35 anos de reclus\u00e3o em regime inicial fechado. Os detidos passar\u00e3o por audi\u00eancia de cust\u00f3dia e ser\u00e3o encaminhados ao sistema prisional.<\/p>\n<p><img loading=\"lazy\" decoding=\"async\" class=\"alignnone size-full wp-image-86528\" src=\"https:\/\/jorgezanoni.com.br\/2019\/wp-content\/uploads\/2024\/05\/zzz-pol-Pequeno-1.jpg\" alt=\"\" width=\"360\" height=\"480\" srcset=\"https:\/\/jorgezanoni.com.br\/2019\/wp-content\/uploads\/2024\/05\/zzz-pol-Pequeno-1.jpg 360w, https:\/\/jorgezanoni.com.br\/2019\/wp-content\/uploads\/2024\/05\/zzz-pol-Pequeno-1-225x300.jpg 225w, https:\/\/jorgezanoni.com.br\/2019\/wp-content\/uploads\/2024\/05\/zzz-pol-Pequeno-1-315x420.jpg 315w\" sizes=\"auto, (max-width: 360px) 100vw, 360px\" \/><\/p>\n<p>Fonte: Comunica\u00e7\u00e3o Social Pol\u00edcia Civil<\/p>\n","protected":false},"excerpt":{"rendered":"<p>A a\u00e7\u00e3o resultou ainda no bloqueio de mais de R$ 10 milh\u00f5es em bens im\u00f3veis e dinheiro de quatro pessoas envolvidas, condenadas a mais de 35 anos de pris\u00e3o. A Pol\u00edcia Civil, por interm\u00e9dio das Unidades Especializadas &#8211; DIG\/DISE, do Centro de Intelig\u00eancia Policial (CIP) da Delegacia Seccional de Pol\u00edcia de Dracena e da Delegacia [&hellip;]<\/p>\n","protected":false},"author":1,"featured_media":86527,"comment_status":"closed","ping_status":"open","sticky":false,"template":"","format":"standard","meta":{"footnotes":""},"categories":[110,2],"tags":[],"class_list":["post-86526","post","type-post","status-publish","format-standard","has-post-thumbnail","hentry","category-noticiasdestaque","category-policial"],"_links":{"self":[{"href":"https:\/\/jorgezanoni.com.br\/2019\/wp-json\/wp\/v2\/posts\/86526","targetHints":{"allow":["GET"]}}],"collection":[{"href":"https:\/\/jorgezanoni.com.br\/2019\/wp-json\/wp\/v2\/posts"}],"about":[{"href":"https:\/\/jorgezanoni.com.br\/2019\/wp-json\/wp\/v2\/types\/post"}],"author":[{"embeddable":true,"href":"https:\/\/jorgezanoni.com.br\/2019\/wp-json\/wp\/v2\/users\/1"}],"replies":[{"embeddable":true,"href":"https:\/\/jorgezanoni.com.br\/2019\/wp-json\/wp\/v2\/comments?post=86526"}],"version-history":[{"count":1,"href":"https:\/\/jorgezanoni.com.br\/2019\/wp-json\/wp\/v2\/posts\/86526\/revisions"}],"predecessor-version":[{"id":86529,"href":"https:\/\/jorgezanoni.com.br\/2019\/wp-json\/wp\/v2\/posts\/86526\/revisions\/86529"}],"wp:featuredmedia":[{"embeddable":true,"href":"https:\/\/jorgezanoni.com.br\/2019\/wp-json\/wp\/v2\/media\/86527"}],"wp:attachment":[{"href":"https:\/\/jorgezanoni.com.br\/2019\/wp-json\/wp\/v2\/media?parent=86526"}],"wp:term":[{"taxonomy":"category","embeddable":true,"href":"https:\/\/jorgezanoni.com.br\/2019\/wp-json\/wp\/v2\/categories?post=86526"},{"taxonomy":"post_tag","embeddable":true,"href":"https:\/\/jorgezanoni.com.br\/2019\/wp-json\/wp\/v2\/tags?post=86526"}],"curies":[{"name":"wp","href":"https:\/\/api.w.org\/{rel}","templated":true}]}}