{"id":86517,"date":"2024-05-29T12:09:47","date_gmt":"2024-05-29T12:09:47","guid":{"rendered":"https:\/\/jorgezanoni.com.br\/2019\/?p=86517"},"modified":"2024-05-29T15:26:44","modified_gmt":"2024-05-29T15:26:44","slug":"batida-frontal-entre-duas-motos-deixa-os-dois-condutores-feridos-em-estado-grave","status":"publish","type":"post","link":"https:\/\/jorgezanoni.com.br\/2019\/batida-frontal-entre-duas-motos-deixa-os-dois-condutores-feridos-em-estado-grave\/","title":{"rendered":"Batida frontal entre duas motos deixa os dois condutores feridos em estado grave"},"content":{"rendered":"<p style=\"text-align: justify;\"><strong>Acidente aconteceu por volta de 18:50 horas da ter\u00e7a-feira (28), em acesso da Rodovia General Euclides de Oliveira Figueiredo, em Tupi Paulista.<\/strong><\/p>\n<p style=\"text-align: justify;\">Segundo informa\u00e7\u00f5es obtidas pela reportagem do Site JZ e TOP TV., uma das motocicletas estaria untrapassando um \u00f4nibus e bateu frontalmente contra a outra. Com o impacto da batida os condutores de 21 e 39 anos, ca\u00edram ao solo e ficaram gravemente feridos, sendo que um deles foi transferido para um Hospital em Presidente Prudente.<\/p>\n<p style=\"text-align: justify;\">O local da batida tem pista de faixa cont\u00ednua (proib\u00eddo ultrapassar). sendo em frente ao Clube dos Cem em Tupi Paulista, na sa\u00edda para Nova Guataporanga.<\/p>\n<p style=\"text-align: justify;\">A ocorr\u00eancia foi registrada pela Pol\u00edcia Militar Rodovi\u00e1roa, base operacional de Adamantina. As Pol\u00edcias Militar e T\u00e9cnica compareceram ao local para levantamento dos dados que ir\u00e3o apontar as reais causas do acidente.<\/p>\n<p><img loading=\"lazy\" decoding=\"async\" class=\"alignnone size-full wp-image-86518\" src=\"https:\/\/jorgezanoni.com.br\/2019\/wp-content\/uploads\/2024\/05\/zz-motos-1-u-Pequeno.jpg\" alt=\"\" width=\"525\" height=\"480\" srcset=\"https:\/\/jorgezanoni.com.br\/2019\/wp-content\/uploads\/2024\/05\/zz-motos-1-u-Pequeno.jpg 525w, https:\/\/jorgezanoni.com.br\/2019\/wp-content\/uploads\/2024\/05\/zz-motos-1-u-Pequeno-300x274.jpg 300w, https:\/\/jorgezanoni.com.br\/2019\/wp-content\/uploads\/2024\/05\/zz-motos-1-u-Pequeno-459x420.jpg 459w\" sizes=\"auto, (max-width: 525px) 100vw, 525px\" \/><\/p>\n<p>Jorge Zanoni<\/p>\n<p>Fotos de Internautas<\/p>\n","protected":false},"excerpt":{"rendered":"<p>Acidente aconteceu por volta de 18:50 horas da ter\u00e7a-feira (28), em acesso da Rodovia General Euclides de Oliveira Figueiredo, em Tupi Paulista. Segundo informa\u00e7\u00f5es obtidas pela reportagem do Site JZ e TOP TV., uma das motocicletas estaria untrapassando um \u00f4nibus e bateu frontalmente contra a outra. Com o impacto da batida os condutores de 21 [&hellip;]<\/p>\n","protected":false},"author":1,"featured_media":86519,"comment_status":"closed","ping_status":"open","sticky":false,"template":"","format":"standard","meta":{"footnotes":""},"categories":[170,110],"tags":[],"class_list":["post-86517","post","type-post","status-publish","format-standard","has-post-thumbnail","hentry","category-acidentes","category-noticiasdestaque"],"_links":{"self":[{"href":"https:\/\/jorgezanoni.com.br\/2019\/wp-json\/wp\/v2\/posts\/86517","targetHints":{"allow":["GET"]}}],"collection":[{"href":"https:\/\/jorgezanoni.com.br\/2019\/wp-json\/wp\/v2\/posts"}],"about":[{"href":"https:\/\/jorgezanoni.com.br\/2019\/wp-json\/wp\/v2\/types\/post"}],"author":[{"embeddable":true,"href":"https:\/\/jorgezanoni.com.br\/2019\/wp-json\/wp\/v2\/users\/1"}],"replies":[{"embeddable":true,"href":"https:\/\/jorgezanoni.com.br\/2019\/wp-json\/wp\/v2\/comments?post=86517"}],"version-history":[{"count":2,"href":"https:\/\/jorgezanoni.com.br\/2019\/wp-json\/wp\/v2\/posts\/86517\/revisions"}],"predecessor-version":[{"id":86522,"href":"https:\/\/jorgezanoni.com.br\/2019\/wp-json\/wp\/v2\/posts\/86517\/revisions\/86522"}],"wp:featuredmedia":[{"embeddable":true,"href":"https:\/\/jorgezanoni.com.br\/2019\/wp-json\/wp\/v2\/media\/86519"}],"wp:attachment":[{"href":"https:\/\/jorgezanoni.com.br\/2019\/wp-json\/wp\/v2\/media?parent=86517"}],"wp:term":[{"taxonomy":"category","embeddable":true,"href":"https:\/\/jorgezanoni.com.br\/2019\/wp-json\/wp\/v2\/categories?post=86517"},{"taxonomy":"post_tag","embeddable":true,"href":"https:\/\/jorgezanoni.com.br\/2019\/wp-json\/wp\/v2\/tags?post=86517"}],"curies":[{"name":"wp","href":"https:\/\/api.w.org\/{rel}","templated":true}]}}