{"id":86475,"date":"2024-05-27T01:07:10","date_gmt":"2024-05-27T01:07:10","guid":{"rendered":"https:\/\/jorgezanoni.com.br\/2019\/?p=86475"},"modified":"2024-05-27T01:07:10","modified_gmt":"2024-05-27T01:07:10","slug":"acidente-entre-carro-e-moto-na-avenida-presidente-vargas-deixa-motociclista-ferido","status":"publish","type":"post","link":"https:\/\/jorgezanoni.com.br\/2019\/acidente-entre-carro-e-moto-na-avenida-presidente-vargas-deixa-motociclista-ferido\/","title":{"rendered":"Acidente entre carro e moto na Avenida Presidente Vargas deixa motociclista ferido"},"content":{"rendered":"<p style=\"text-align: justify;\"><strong>Acidente na esquina da Avenida Presidente Vargas com Rua S\u00e3o Paulo, na manh\u00e3 deste domingo (26)<\/strong><\/p>\n<p style=\"text-align: justify;\">Segundo informa\u00e7\u00f5es obtidas no local pela reportgem do Site JZ e TOP TV. a motocicleta placa mercosul, fazia o sentido centro-bairro pela Presidente Vargas, m\u00e3o \u00fanica de dire\u00e7\u00e3o, (via peferencial), quando um ve\u00edculo Volkswagem T-Cross, placas mercosul que fazia o sentido bairro-centro pela S\u00e3o Paulo cruzou, acontecendo a batida.<\/p>\n<p style=\"text-align: justify;\">Com o impacto, o motociclista caiu ao solo e acabou ficando ferido, sendo socorrido por uma Unidade de Resgate do Corpo de Bombeiros ao Pronto Atendimento Municipal do Bairro S\u00e3o Crist\u00f3v\u00e3o. O motorista n\u00e3o se feriu.<\/p>\n<p style=\"text-align: justify;\">Chovia no momento do acidente.<\/p>\n<p style=\"text-align: justify;\">As Pol\u00edcia Militar e T\u00e9cnica compareceram no local para o registro da ocorr\u00eancia e apura\u00e7\u00e3o dos fatos.<\/p>\n<p><img loading=\"lazy\" decoding=\"async\" class=\"alignnone size-full wp-image-86476\" src=\"https:\/\/jorgezanoni.com.br\/2019\/wp-content\/uploads\/2024\/05\/IMG_9932-Pequeno.jpg\" alt=\"\" width=\"640\" height=\"480\" srcset=\"https:\/\/jorgezanoni.com.br\/2019\/wp-content\/uploads\/2024\/05\/IMG_9932-Pequeno.jpg 640w, https:\/\/jorgezanoni.com.br\/2019\/wp-content\/uploads\/2024\/05\/IMG_9932-Pequeno-300x225.jpg 300w, https:\/\/jorgezanoni.com.br\/2019\/wp-content\/uploads\/2024\/05\/IMG_9932-Pequeno-80x60.jpg 80w, https:\/\/jorgezanoni.com.br\/2019\/wp-content\/uploads\/2024\/05\/IMG_9932-Pequeno-265x198.jpg 265w, https:\/\/jorgezanoni.com.br\/2019\/wp-content\/uploads\/2024\/05\/IMG_9932-Pequeno-560x420.jpg 560w\" sizes=\"auto, (max-width: 640px) 100vw, 640px\" \/> <img loading=\"lazy\" decoding=\"async\" class=\"alignnone size-full wp-image-86477\" src=\"https:\/\/jorgezanoni.com.br\/2019\/wp-content\/uploads\/2024\/05\/IMG_9933-Pequeno.jpg\" alt=\"\" width=\"640\" height=\"480\" srcset=\"https:\/\/jorgezanoni.com.br\/2019\/wp-content\/uploads\/2024\/05\/IMG_9933-Pequeno.jpg 640w, https:\/\/jorgezanoni.com.br\/2019\/wp-content\/uploads\/2024\/05\/IMG_9933-Pequeno-300x225.jpg 300w, https:\/\/jorgezanoni.com.br\/2019\/wp-content\/uploads\/2024\/05\/IMG_9933-Pequeno-80x60.jpg 80w, https:\/\/jorgezanoni.com.br\/2019\/wp-content\/uploads\/2024\/05\/IMG_9933-Pequeno-265x198.jpg 265w, https:\/\/jorgezanoni.com.br\/2019\/wp-content\/uploads\/2024\/05\/IMG_9933-Pequeno-560x420.jpg 560w\" sizes=\"auto, (max-width: 640px) 100vw, 640px\" \/> <img loading=\"lazy\" decoding=\"async\" class=\"alignnone size-full wp-image-86478\" src=\"https:\/\/jorgezanoni.com.br\/2019\/wp-content\/uploads\/2024\/05\/IMG_9934-Pequeno.jpg\" alt=\"\" width=\"640\" height=\"480\" srcset=\"https:\/\/jorgezanoni.com.br\/2019\/wp-content\/uploads\/2024\/05\/IMG_9934-Pequeno.jpg 640w, https:\/\/jorgezanoni.com.br\/2019\/wp-content\/uploads\/2024\/05\/IMG_9934-Pequeno-300x225.jpg 300w, https:\/\/jorgezanoni.com.br\/2019\/wp-content\/uploads\/2024\/05\/IMG_9934-Pequeno-80x60.jpg 80w, https:\/\/jorgezanoni.com.br\/2019\/wp-content\/uploads\/2024\/05\/IMG_9934-Pequeno-265x198.jpg 265w, https:\/\/jorgezanoni.com.br\/2019\/wp-content\/uploads\/2024\/05\/IMG_9934-Pequeno-560x420.jpg 560w\" sizes=\"auto, (max-width: 640px) 100vw, 640px\" \/><\/p>\n<p>Jorge Zanoni<\/p>\n","protected":false},"excerpt":{"rendered":"<p>Acidente na esquina da Avenida Presidente Vargas com Rua S\u00e3o Paulo, na manh\u00e3 deste domingo (26) Segundo informa\u00e7\u00f5es obtidas no local pela reportgem do Site JZ e TOP TV. a motocicleta placa mercosul, fazia o sentido centro-bairro pela Presidente Vargas, m\u00e3o \u00fanica de dire\u00e7\u00e3o, (via peferencial), quando um ve\u00edculo Volkswagem T-Cross, placas mercosul que fazia [&hellip;]<\/p>\n","protected":false},"author":1,"featured_media":86479,"comment_status":"closed","ping_status":"open","sticky":false,"template":"","format":"standard","meta":{"footnotes":""},"categories":[170,110],"tags":[],"class_list":["post-86475","post","type-post","status-publish","format-standard","has-post-thumbnail","hentry","category-acidentes","category-noticiasdestaque"],"_links":{"self":[{"href":"https:\/\/jorgezanoni.com.br\/2019\/wp-json\/wp\/v2\/posts\/86475","targetHints":{"allow":["GET"]}}],"collection":[{"href":"https:\/\/jorgezanoni.com.br\/2019\/wp-json\/wp\/v2\/posts"}],"about":[{"href":"https:\/\/jorgezanoni.com.br\/2019\/wp-json\/wp\/v2\/types\/post"}],"author":[{"embeddable":true,"href":"https:\/\/jorgezanoni.com.br\/2019\/wp-json\/wp\/v2\/users\/1"}],"replies":[{"embeddable":true,"href":"https:\/\/jorgezanoni.com.br\/2019\/wp-json\/wp\/v2\/comments?post=86475"}],"version-history":[{"count":1,"href":"https:\/\/jorgezanoni.com.br\/2019\/wp-json\/wp\/v2\/posts\/86475\/revisions"}],"predecessor-version":[{"id":86480,"href":"https:\/\/jorgezanoni.com.br\/2019\/wp-json\/wp\/v2\/posts\/86475\/revisions\/86480"}],"wp:featuredmedia":[{"embeddable":true,"href":"https:\/\/jorgezanoni.com.br\/2019\/wp-json\/wp\/v2\/media\/86479"}],"wp:attachment":[{"href":"https:\/\/jorgezanoni.com.br\/2019\/wp-json\/wp\/v2\/media?parent=86475"}],"wp:term":[{"taxonomy":"category","embeddable":true,"href":"https:\/\/jorgezanoni.com.br\/2019\/wp-json\/wp\/v2\/categories?post=86475"},{"taxonomy":"post_tag","embeddable":true,"href":"https:\/\/jorgezanoni.com.br\/2019\/wp-json\/wp\/v2\/tags?post=86475"}],"curies":[{"name":"wp","href":"https:\/\/api.w.org\/{rel}","templated":true}]}}