{"id":86471,"date":"2024-05-27T00:54:03","date_gmt":"2024-05-27T00:54:03","guid":{"rendered":"https:\/\/jorgezanoni.com.br\/2019\/?p=86471"},"modified":"2024-05-27T01:13:31","modified_gmt":"2024-05-27T01:13:31","slug":"acidente-entre-carro-e-moto-na-avenida-jose-bonifacio","status":"publish","type":"post","link":"https:\/\/jorgezanoni.com.br\/2019\/acidente-entre-carro-e-moto-na-avenida-jose-bonifacio\/","title":{"rendered":"Acidente entre carro e moto na Avenida Jos\u00e9 Bonif\u00e1cio"},"content":{"rendered":"<p style=\"text-align: justify;\">Acidente foir registrado na manh\u00e3 deste s\u00e1bado (25) na esquina da Avenida Jos\u00e9 Bonif\u00e1cio com Rua Fioravante.<\/p>\n<p style=\"text-align: justify;\">Segundo informa\u00e7\u00f5es obtidas no local pela reportagem do Site JZ e TOP TV. um ve\u00edculo Corolla placas de Dracena, conduzido por um jovem de 19 antos que estava na Rua Fioravante adentrando a avenida, foi colidido por uma motocicleta placa mercosul, pilotada por uma mulher de 24 anos que fazia o sentido centro-bairro pela Jos\u00e9 Bonif\u00e1cio (via preferencial).<\/p>\n<p style=\"text-align: justify;\">Com o impacto da batida, a mulher caiu ao solo sofrendo ferimentos de natureza considerada leve, sendo socorrida ao Pronto Atendimento Municipal do Bairro S\u00e3o Crist\u00f3v\u00e3o, por uma Unidade de Resgate do Corpo de Bombeiros, o morotista n\u00e3o se feriu.<\/p>\n<p style=\"text-align: justify;\">As Pol\u00edcias Militar e T\u00e9cnica estiveram pelo local para controle do tr\u00e2nsito e colher dados que ir\u00e3o apontar as reais causas do acidente.<\/p>\n<p><img loading=\"lazy\" decoding=\"async\" class=\"alignnone size-full wp-image-86472\" src=\"https:\/\/jorgezanoni.com.br\/2019\/wp-content\/uploads\/2024\/05\/IMG_9930-Pequeno.jpg\" alt=\"\" width=\"640\" height=\"480\" srcset=\"https:\/\/jorgezanoni.com.br\/2019\/wp-content\/uploads\/2024\/05\/IMG_9930-Pequeno.jpg 640w, https:\/\/jorgezanoni.com.br\/2019\/wp-content\/uploads\/2024\/05\/IMG_9930-Pequeno-300x225.jpg 300w, https:\/\/jorgezanoni.com.br\/2019\/wp-content\/uploads\/2024\/05\/IMG_9930-Pequeno-80x60.jpg 80w, https:\/\/jorgezanoni.com.br\/2019\/wp-content\/uploads\/2024\/05\/IMG_9930-Pequeno-265x198.jpg 265w, https:\/\/jorgezanoni.com.br\/2019\/wp-content\/uploads\/2024\/05\/IMG_9930-Pequeno-560x420.jpg 560w\" sizes=\"auto, (max-width: 640px) 100vw, 640px\" \/><\/p>\n<p>Jorge Zanoni<\/p>\n","protected":false},"excerpt":{"rendered":"<p>Acidente foir registrado na manh\u00e3 deste s\u00e1bado (25) na esquina da Avenida Jos\u00e9 Bonif\u00e1cio com Rua Fioravante. Segundo informa\u00e7\u00f5es obtidas no local pela reportagem do Site JZ e TOP TV. um ve\u00edculo Corolla placas de Dracena, conduzido por um jovem de 19 antos que estava na Rua Fioravante adentrando a avenida, foi colidido por uma [&hellip;]<\/p>\n","protected":false},"author":1,"featured_media":86473,"comment_status":"closed","ping_status":"open","sticky":false,"template":"","format":"standard","meta":{"footnotes":""},"categories":[170,110],"tags":[],"class_list":["post-86471","post","type-post","status-publish","format-standard","has-post-thumbnail","hentry","category-acidentes","category-noticiasdestaque"],"_links":{"self":[{"href":"https:\/\/jorgezanoni.com.br\/2019\/wp-json\/wp\/v2\/posts\/86471","targetHints":{"allow":["GET"]}}],"collection":[{"href":"https:\/\/jorgezanoni.com.br\/2019\/wp-json\/wp\/v2\/posts"}],"about":[{"href":"https:\/\/jorgezanoni.com.br\/2019\/wp-json\/wp\/v2\/types\/post"}],"author":[{"embeddable":true,"href":"https:\/\/jorgezanoni.com.br\/2019\/wp-json\/wp\/v2\/users\/1"}],"replies":[{"embeddable":true,"href":"https:\/\/jorgezanoni.com.br\/2019\/wp-json\/wp\/v2\/comments?post=86471"}],"version-history":[{"count":2,"href":"https:\/\/jorgezanoni.com.br\/2019\/wp-json\/wp\/v2\/posts\/86471\/revisions"}],"predecessor-version":[{"id":86481,"href":"https:\/\/jorgezanoni.com.br\/2019\/wp-json\/wp\/v2\/posts\/86471\/revisions\/86481"}],"wp:featuredmedia":[{"embeddable":true,"href":"https:\/\/jorgezanoni.com.br\/2019\/wp-json\/wp\/v2\/media\/86473"}],"wp:attachment":[{"href":"https:\/\/jorgezanoni.com.br\/2019\/wp-json\/wp\/v2\/media?parent=86471"}],"wp:term":[{"taxonomy":"category","embeddable":true,"href":"https:\/\/jorgezanoni.com.br\/2019\/wp-json\/wp\/v2\/categories?post=86471"},{"taxonomy":"post_tag","embeddable":true,"href":"https:\/\/jorgezanoni.com.br\/2019\/wp-json\/wp\/v2\/tags?post=86471"}],"curies":[{"name":"wp","href":"https:\/\/api.w.org\/{rel}","templated":true}]}}