{"id":86466,"date":"2024-05-26T23:34:30","date_gmt":"2024-05-26T23:34:30","guid":{"rendered":"https:\/\/jorgezanoni.com.br\/2019\/?p=86466"},"modified":"2024-05-26T23:34:30","modified_gmt":"2024-05-26T23:34:30","slug":"acao-conjunta-entre-a-policia-civil-e-policia-militar-rodoviaria-apreende-duas-toneladas-e-meia-de-drogas-na-sp-294-em-santa-mercedes","status":"publish","type":"post","link":"https:\/\/jorgezanoni.com.br\/2019\/acao-conjunta-entre-a-policia-civil-e-policia-militar-rodoviaria-apreende-duas-toneladas-e-meia-de-drogas-na-sp-294-em-santa-mercedes\/","title":{"rendered":"A\u00e7\u00e3o conjunta entre a Pol\u00edcia Civil e Pol\u00edcia Militar Rodovi\u00e1ria apreende duas toneladas e meia de Drogas na SP-294 em Santa Mercedes"},"content":{"rendered":"<p style=\"text-align: justify;\"><strong>A\u00c7\u00c3O CONJUNTA ENTRE A POL\u00cdCIA CIVIL E POL\u00cdCIA MILITAR RODOVI\u00c1RIA APREENDE DUAS TONELADAS E 540 QUILOS DE DROGA MACONHA.<\/strong><\/p>\n<p style=\"text-align: justify;\">Policiais Civis da \u00e1rea do Deinter 8 (2\u00aa Dise\/Deic8), em a\u00e7\u00e3o conjunta com policiais militares rodovi\u00e1rios abordaram, na Rodovia SP 294, Comandante Jo\u00e3o Ribeiro de Barros, KM 670, no Munic\u00edpio de Santa Mercedes, um caminh\u00e3o, IVECO e apreenderam, com o motorista, 2.540,00 (duas toneladas e quinhentos e quarenta quilos) de droga conhecida popularmente como maconha. Al\u00e9m disso, dois homens que figuravam na fun\u00e7\u00e3o de batedores, ou seja, aqueles que vem \u00e0 frente dos demais na inten\u00e7\u00e3o de alertar sobre fiscaliza\u00e7\u00f5es policiais foram presos em flagrante.<\/p>\n<p style=\"text-align: justify;\">A a\u00e7\u00e3o policial foi fruto de trabalho investigativo da 2\u00ba DISE DEIC e de informa\u00e7\u00f5es de intelig\u00eancia que permitiram a identifica\u00e7\u00e3o do caminh\u00e3o que transportava as drogas e demais integrantes. Al\u00e9m disso, um dos indiciados, j\u00e1 era conhecido nesta especializada eis que, em agosto de 2022, foi tamb\u00e9m flagrado viajando em tr\u00eas caminh\u00f5es, sendo que em dois deles haviam drogas ocultadas entre as cargas, e apenas n\u00e3o havia droga no que ele conduzia, \u00e0 frente dos demais, aparentemente na fun\u00e7\u00e3o de \u201cbatedor\u201d.<\/p>\n<p style=\"text-align: justify;\">A a\u00e7\u00e3o contou com apoio Operacional da Pol\u00edcia Rodovi\u00e1ria para a devida abordagem policial.<\/p>\n<p style=\"text-align: justify;\">Os 03 autuados, est\u00e3o \u00e0 disposi\u00e7\u00e3o da Justi\u00e7a e ser\u00e3o encaminhados ap\u00f3s audi\u00eancia de cust\u00f3dia a uma das unidades prisionais da regi\u00e3o.<\/p>\n<p><img loading=\"lazy\" decoding=\"async\" class=\"alignnone size-full wp-image-86468\" src=\"https:\/\/jorgezanoni.com.br\/2019\/wp-content\/uploads\/2024\/05\/zz2-Pequeno.jpg\" alt=\"\" width=\"853\" height=\"480\" srcset=\"https:\/\/jorgezanoni.com.br\/2019\/wp-content\/uploads\/2024\/05\/zz2-Pequeno.jpg 853w, https:\/\/jorgezanoni.com.br\/2019\/wp-content\/uploads\/2024\/05\/zz2-Pequeno-300x169.jpg 300w, https:\/\/jorgezanoni.com.br\/2019\/wp-content\/uploads\/2024\/05\/zz2-Pequeno-768x432.jpg 768w, https:\/\/jorgezanoni.com.br\/2019\/wp-content\/uploads\/2024\/05\/zz2-Pequeno-696x392.jpg 696w, https:\/\/jorgezanoni.com.br\/2019\/wp-content\/uploads\/2024\/05\/zz2-Pequeno-746x420.jpg 746w\" sizes=\"auto, (max-width: 853px) 100vw, 853px\" \/> <img loading=\"lazy\" decoding=\"async\" class=\"alignnone size-full wp-image-86469\" src=\"https:\/\/jorgezanoni.com.br\/2019\/wp-content\/uploads\/2024\/05\/zz-Pequeno.jpg\" alt=\"\" width=\"853\" height=\"480\" srcset=\"https:\/\/jorgezanoni.com.br\/2019\/wp-content\/uploads\/2024\/05\/zz-Pequeno.jpg 853w, https:\/\/jorgezanoni.com.br\/2019\/wp-content\/uploads\/2024\/05\/zz-Pequeno-300x169.jpg 300w, https:\/\/jorgezanoni.com.br\/2019\/wp-content\/uploads\/2024\/05\/zz-Pequeno-768x432.jpg 768w, https:\/\/jorgezanoni.com.br\/2019\/wp-content\/uploads\/2024\/05\/zz-Pequeno-696x392.jpg 696w, https:\/\/jorgezanoni.com.br\/2019\/wp-content\/uploads\/2024\/05\/zz-Pequeno-746x420.jpg 746w\" sizes=\"auto, (max-width: 853px) 100vw, 853px\" \/><\/p>\n<p>Fonte: Com. Social Pol\u00edcia Civil<\/p>\n","protected":false},"excerpt":{"rendered":"<p>A\u00c7\u00c3O CONJUNTA ENTRE A POL\u00cdCIA CIVIL E POL\u00cdCIA MILITAR RODOVI\u00c1RIA APREENDE DUAS TONELADAS E 540 QUILOS DE DROGA MACONHA. Policiais Civis da \u00e1rea do Deinter 8 (2\u00aa Dise\/Deic8), em a\u00e7\u00e3o conjunta com policiais militares rodovi\u00e1rios abordaram, na Rodovia SP 294, Comandante Jo\u00e3o Ribeiro de Barros, KM 670, no Munic\u00edpio de Santa Mercedes, um caminh\u00e3o, IVECO [&hellip;]<\/p>\n","protected":false},"author":1,"featured_media":86467,"comment_status":"closed","ping_status":"open","sticky":false,"template":"","format":"standard","meta":{"footnotes":""},"categories":[110,2],"tags":[],"class_list":["post-86466","post","type-post","status-publish","format-standard","has-post-thumbnail","hentry","category-noticiasdestaque","category-policial"],"_links":{"self":[{"href":"https:\/\/jorgezanoni.com.br\/2019\/wp-json\/wp\/v2\/posts\/86466","targetHints":{"allow":["GET"]}}],"collection":[{"href":"https:\/\/jorgezanoni.com.br\/2019\/wp-json\/wp\/v2\/posts"}],"about":[{"href":"https:\/\/jorgezanoni.com.br\/2019\/wp-json\/wp\/v2\/types\/post"}],"author":[{"embeddable":true,"href":"https:\/\/jorgezanoni.com.br\/2019\/wp-json\/wp\/v2\/users\/1"}],"replies":[{"embeddable":true,"href":"https:\/\/jorgezanoni.com.br\/2019\/wp-json\/wp\/v2\/comments?post=86466"}],"version-history":[{"count":1,"href":"https:\/\/jorgezanoni.com.br\/2019\/wp-json\/wp\/v2\/posts\/86466\/revisions"}],"predecessor-version":[{"id":86470,"href":"https:\/\/jorgezanoni.com.br\/2019\/wp-json\/wp\/v2\/posts\/86466\/revisions\/86470"}],"wp:featuredmedia":[{"embeddable":true,"href":"https:\/\/jorgezanoni.com.br\/2019\/wp-json\/wp\/v2\/media\/86467"}],"wp:attachment":[{"href":"https:\/\/jorgezanoni.com.br\/2019\/wp-json\/wp\/v2\/media?parent=86466"}],"wp:term":[{"taxonomy":"category","embeddable":true,"href":"https:\/\/jorgezanoni.com.br\/2019\/wp-json\/wp\/v2\/categories?post=86466"},{"taxonomy":"post_tag","embeddable":true,"href":"https:\/\/jorgezanoni.com.br\/2019\/wp-json\/wp\/v2\/tags?post=86466"}],"curies":[{"name":"wp","href":"https:\/\/api.w.org\/{rel}","templated":true}]}}