{"id":86418,"date":"2024-05-24T17:27:25","date_gmt":"2024-05-24T17:27:25","guid":{"rendered":"https:\/\/jorgezanoni.com.br\/2019\/?p=86418"},"modified":"2024-05-24T17:27:25","modified_gmt":"2024-05-24T17:27:25","slug":"operacao-dedo-podre-fase-final-acao-policial-interestadual-resulta-na-prisao-de-condenados-em-dracena-sp-e-selviria-ms","status":"publish","type":"post","link":"https:\/\/jorgezanoni.com.br\/2019\/operacao-dedo-podre-fase-final-acao-policial-interestadual-resulta-na-prisao-de-condenados-em-dracena-sp-e-selviria-ms\/","title":{"rendered":"Opera\u00e7\u00e3o Dedo Podre fase final: A\u00e7\u00e3o Policial Interestadual resulta na pris\u00e3o de condenados em Dracena\/SP e Selv\u00edria\/MS"},"content":{"rendered":"<p style=\"text-align: justify;\">A Pol\u00edcia Civil, por interm\u00e9dio das Unidades Especializadas &#8211; DIG\/DISE, com o apoio operacional de agentes da Delegacia de Pol\u00edcia de Ilha Solteira e da Pol\u00edcia Civil do Mato Grosso do Sul, realizou nesta quinta-feira (23) a terceira e \u00faltima fase da \u201cOpera\u00e7\u00e3o Dedo Podre\u201d.<br \/>\nA a\u00e7\u00e3o policial ocorreu nas cidades de Dracena\/SP, Ilha Solteira\/SP e Selv\u00edria\/MS, com o objetivo de cumprir mandados de pris\u00e3o expedidos pela 2\u00aa Vara da Comarca de Dracena\/SP.<br \/>\nAp\u00f3s a conclus\u00e3o do Inqu\u00e9rito Policial, com o encaminhamento ao Poder Judici\u00e1rio\/Minist\u00e9rio P\u00fablico das provas t\u00e9cnicas e documentais colhidas, os tr\u00eas acusados foram condenados por senten\u00e7a definitiva. As condena\u00e7\u00f5es incluem crimes como associa\u00e7\u00e3o criminosa, falsidade ideol\u00f3gica, corrup\u00e7\u00e3o ativa e inser\u00e7\u00e3o de dados falsos em sistemas p\u00fablicos, totalizando 105 infra\u00e7\u00f5es, com penas que variam de 08 anos a 09 anos e 04 meses, em regime inicial fechado. A decis\u00e3o transitou em julgado no Supremo Tribunal Federal &#8211; STF, n\u00e3o cabendo mais nenhum recurso.<br \/>\nA &#8220;Opera\u00e7\u00e3o Dedo Podre&#8221; teve in\u00edcio em agosto de 2019, visando investigar crimes relacionados \u00e0 transfer\u00eancia il\u00edcita de CNHs do Estado de SP, principalmente para MS e outros Estados do pa\u00eds, por meio da inclus\u00e3o de dados de endere\u00e7os falsos dos condutores. Durante as investiga\u00e7\u00f5es, a Pol\u00edcia Civil identificou tr\u00eas n\u00facleos de atua\u00e7\u00e3o em Dracena, Ilha Solteira e Selv\u00edria\/MS, respons\u00e1veis por recrutar condutores infratores que pagavam propina e cometiam fraudes para obter outra CNH, evitando san\u00e7\u00f5es administrativas e criminais da Lei de Tr\u00e2nsito.<br \/>\nAo longo da &#8220;Opera\u00e7\u00e3o Dedo Podre&#8221;, que teve duas fases em 2019 e 2022, foram identificados mais de 350 condutores que utilizaram os \u201cservi\u00e7os\u201d dos investigados para a transfer\u00eancia il\u00edcita da CNH. Isso resultou na abertura de mais de tr\u00eas centenas de inqu\u00e9ritos policiais, culminando em indiciamentos e condena\u00e7\u00f5es judiciais.<br \/>\nDurante os trabalhos de Pol\u00edcia Judici\u00e1ria, nesta quinta-feira (23), um dos envolvidos, um homem de 45 anos, foi preso na cidade de Dracena\/SP, enquanto outro, um homem de 50 anos, foi detido em Selv\u00edria\/MS. Ambos passar\u00e3o por audi\u00eancia de cust\u00f3dia para posterior encaminhamento ao sistema prisional para cumprimento da pena imposta.<br \/>\nO terceiro envolvido, de 61 anos e morador de Ilha Solteira, ainda n\u00e3o foi localizado pela Pol\u00edcia Civil, sendo considerado foragido da Justi\u00e7a at\u00e9 o momento.<\/p>\n<p><img loading=\"lazy\" decoding=\"async\" class=\"alignnone size-full wp-image-86419\" src=\"https:\/\/jorgezanoni.com.br\/2019\/wp-content\/uploads\/2024\/05\/zz-pol1-Pequeno.jpg\" alt=\"\" width=\"625\" height=\"430\" srcset=\"https:\/\/jorgezanoni.com.br\/2019\/wp-content\/uploads\/2024\/05\/zz-pol1-Pequeno.jpg 625w, https:\/\/jorgezanoni.com.br\/2019\/wp-content\/uploads\/2024\/05\/zz-pol1-Pequeno-300x206.jpg 300w, https:\/\/jorgezanoni.com.br\/2019\/wp-content\/uploads\/2024\/05\/zz-pol1-Pequeno-100x70.jpg 100w, https:\/\/jorgezanoni.com.br\/2019\/wp-content\/uploads\/2024\/05\/zz-pol1-Pequeno-218x150.jpg 218w, https:\/\/jorgezanoni.com.br\/2019\/wp-content\/uploads\/2024\/05\/zz-pol1-Pequeno-610x420.jpg 610w\" sizes=\"auto, (max-width: 625px) 100vw, 625px\" \/><\/p>\n<p>Fonte: Com. Social Pol\u00edcia Civil<\/p>\n","protected":false},"excerpt":{"rendered":"<p>A Pol\u00edcia Civil, por interm\u00e9dio das Unidades Especializadas &#8211; DIG\/DISE, com o apoio operacional de agentes da Delegacia de Pol\u00edcia de Ilha Solteira e da Pol\u00edcia Civil do Mato Grosso do Sul, realizou nesta quinta-feira (23) a terceira e \u00faltima fase da \u201cOpera\u00e7\u00e3o Dedo Podre\u201d. A a\u00e7\u00e3o policial ocorreu nas cidades de Dracena\/SP, Ilha Solteira\/SP [&hellip;]<\/p>\n","protected":false},"author":1,"featured_media":86420,"comment_status":"closed","ping_status":"open","sticky":false,"template":"","format":"standard","meta":{"footnotes":""},"categories":[110,2],"tags":[],"class_list":["post-86418","post","type-post","status-publish","format-standard","has-post-thumbnail","hentry","category-noticiasdestaque","category-policial"],"_links":{"self":[{"href":"https:\/\/jorgezanoni.com.br\/2019\/wp-json\/wp\/v2\/posts\/86418","targetHints":{"allow":["GET"]}}],"collection":[{"href":"https:\/\/jorgezanoni.com.br\/2019\/wp-json\/wp\/v2\/posts"}],"about":[{"href":"https:\/\/jorgezanoni.com.br\/2019\/wp-json\/wp\/v2\/types\/post"}],"author":[{"embeddable":true,"href":"https:\/\/jorgezanoni.com.br\/2019\/wp-json\/wp\/v2\/users\/1"}],"replies":[{"embeddable":true,"href":"https:\/\/jorgezanoni.com.br\/2019\/wp-json\/wp\/v2\/comments?post=86418"}],"version-history":[{"count":1,"href":"https:\/\/jorgezanoni.com.br\/2019\/wp-json\/wp\/v2\/posts\/86418\/revisions"}],"predecessor-version":[{"id":86421,"href":"https:\/\/jorgezanoni.com.br\/2019\/wp-json\/wp\/v2\/posts\/86418\/revisions\/86421"}],"wp:featuredmedia":[{"embeddable":true,"href":"https:\/\/jorgezanoni.com.br\/2019\/wp-json\/wp\/v2\/media\/86420"}],"wp:attachment":[{"href":"https:\/\/jorgezanoni.com.br\/2019\/wp-json\/wp\/v2\/media?parent=86418"}],"wp:term":[{"taxonomy":"category","embeddable":true,"href":"https:\/\/jorgezanoni.com.br\/2019\/wp-json\/wp\/v2\/categories?post=86418"},{"taxonomy":"post_tag","embeddable":true,"href":"https:\/\/jorgezanoni.com.br\/2019\/wp-json\/wp\/v2\/tags?post=86418"}],"curies":[{"name":"wp","href":"https:\/\/api.w.org\/{rel}","templated":true}]}}