{"id":86398,"date":"2024-05-23T15:23:56","date_gmt":"2024-05-23T15:23:56","guid":{"rendered":"https:\/\/jorgezanoni.com.br\/2019\/?p=86398"},"modified":"2024-05-23T15:23:56","modified_gmt":"2024-05-23T15:23:56","slug":"sicredi-dobra-o-valor-arrecadado-em-movimento-nacional-para-o-rio-grande-do-sul-e-inicia-nova-mobilizacao","status":"publish","type":"post","link":"https:\/\/jorgezanoni.com.br\/2019\/sicredi-dobra-o-valor-arrecadado-em-movimento-nacional-para-o-rio-grande-do-sul-e-inicia-nova-mobilizacao\/","title":{"rendered":"Sicredi dobra o valor arrecadado em movimento nacional para o Rio Grande do Sul e inicia nova mobiliza\u00e7\u00e3o"},"content":{"rendered":"<p class=\"v1MsoNormal\" style=\"text-align: justify;\" align=\"center\"><strong><i>Institui\u00e7\u00e3o financeira cooperativa tamb\u00e9m atua na linha de frente de centros de distribui\u00e7\u00e3o de donativos, medidas em apoio aos seus associados impactados, e suporte aos colaboradores que atuam na regi\u00e3o.<\/i><\/strong><\/p>\n<p class=\"v1MsoNormal\" style=\"text-align: justify;\">As enchentes no Rio Grande do Sul causaram estragos significativos, e o estado ainda precisa de apoio e solidariedade para ajudar a popula\u00e7\u00e3o afetada. O Sicredi, institui\u00e7\u00e3o financeira cooperativa presente em todo o pa\u00eds, reafirma seu comprometimento com as comunidades ga\u00fachas e dobrar\u00e1 cada real recebido por meio do pix da Funda\u00e7\u00e3o Sicredi.<\/p>\n<p class=\"v1MsoNormal\" style=\"text-align: justify;\">At\u00e9 o momento, R$ 10 milh\u00f5es foram recebidos nessa iniciativa, que teve in\u00edcio no dia 03 de maio, e o Sicredi aportou o mesmo valor doado, totalizando R$ 20 milh\u00f5es. Esses recursos est\u00e3o sendo destinados \u00e0s cooperativas e utilizados de diferentes formas, considerando a necessidade da popula\u00e7\u00e3o de cada munic\u00edpio, incluindo a compra mantimentos e de materiais necess\u00e1rios, adequados a cada situa\u00e7\u00e3o.<\/p>\n<p class=\"v1MsoNormal\" style=\"text-align: justify;\">O Sicredi segue mobilizando os seus p\u00fablicos, e continuar\u00e1 com a mesma din\u00e2mica de igualar o valor recebidos via pix da Funda\u00e7\u00e3o Sicredi. A iniciativa reflete um dos pilares do cooperativismo que \u00e9 a solidariedade, com a uni\u00e3o de esfor\u00e7os para enfrentar os desafios. Os interessados em participar podem enviar suas doa\u00e7\u00f5es, de qualquer valor, para a chave pix\u00a0<a href=\"mailto:ajuders@sicredi.com.br\" rel=\"noreferrer\">ajuders@sicredi.com.br<\/a>, conferindo o nome favorecido como Funda\u00e7\u00e3o Sicredi.<\/p>\n<p class=\"v1MsoNormal\" style=\"text-align: justify;\">O diretor executivo do Sicredi, C\u00e9sar Bochi, ressalta que as a\u00e7\u00f5es j\u00e1 anunciadas s\u00e3o apenas uma parte do empenho que as cooperativas v\u00eam realizando para ajudar o Rio Grande do Sul nesse processo de reconstru\u00e7\u00e3o. &#8220;O desenvolvimento das regi\u00f5es onde atuamos e o apoio \u00e0s comunidades em todo o pa\u00eds, \u00e9 parte da ess\u00eancia do Sicredi e n\u00e3o ser\u00e1 diferente agora. A situa\u00e7\u00e3o do RS requer uma resposta solid\u00e1ria e efetiva. Dobrar cada real recebido \u00e9 uma das frentes em que estamos atuando. Nossas cooperativas est\u00e3o mobilizadas nacionalmente para fazer muito mais, apoiando as comunidades afetadas e mostrando o verdadeiro poder da coopera\u00e7\u00e3o. Juntos, podemos fazer a diferen\u00e7a e apoiar aqueles que mais precisam neste momento desafiador&#8221;, afirma.<\/p>\n<p class=\"v1MsoNormal\" style=\"text-align: justify;\">Dos 397 munic\u00edpios do RS que declararam estado de calamidade e emerg\u00eancia, conforme decreto estadual do dia 05 de maio, o Sicredi tem presen\u00e7a em 388, abrangendo mais de 2 milh\u00f5es de associados. Em 49 desses 388 munic\u00edpios, s\u00f3 existe o Sicredi como institui\u00e7\u00e3o financeira fisicamente presente.<\/p>\n<p class=\"v1MsoNormal\" style=\"text-align: justify;\">Desde o in\u00edcio das enchentes que assolaram o estado, o Sicredi tamb\u00e9m vem cooperando com a comunidade de maneira geral com a\u00e7\u00f5es como a organiza\u00e7\u00e3o, com apoio de parceiros, de 16 centros de distribui\u00e7\u00e3o de donativos. &#8220;Acompanhamos de perto e vivenciamos o impacto das fortes chuvas no Rio Grande do Sul, mas rapidamente come\u00e7amos a ver a for\u00e7a do cooperativismo mais uma vez construindo caminhos para ajudar as pessoas impactadas. As cooperativas criaram centros de distribui\u00e7\u00e3o no RS para reunir mantimentos e itens necess\u00e1rios para a popula\u00e7\u00e3o atingida. Os donativos recebidos nesses locais, at\u00e9 o momento, tiveram origem, principalmente, em entidades, como a Defesa Civil do Paran\u00e1, cooperativas do pr\u00f3prio Sicredi, que atuam no estado e em outras regi\u00f5es do pa\u00eds, e outras cooperativas de diferentes ramos de atua\u00e7\u00e3o. \u00c9 um movimento que nos d\u00e1 esperan\u00e7a e ainda mais for\u00e7a para apoiar a reconstru\u00e7\u00e3o das comunidades onde atuamos&#8221;, afirma M\u00e1rcio Port, presidente da Central Sicredi Sul\/Sudeste.<\/p>\n<p class=\"v1MsoNormal\" style=\"text-align: justify;\">Os centros de distribui\u00e7\u00e3o j\u00e1 receberam 97 caminh\u00f5es com cargas de roupas, alimentos, \u00e1gua pot\u00e1vel, produtos de higiene, itens para camas, entre outros. Os donativos t\u00eam sido destinados a abrigos, escolas, hospitais, Defesa Civil do RS, e comunidade em geral.<\/p>\n<p class=\"v1MsoNormal\" style=\"text-align: justify;\">A institui\u00e7\u00e3o tamb\u00e9m colaborou com a Defesa Civil do estado que atua no Centro de Opera\u00e7\u00f5es de Prote\u00e7\u00e3o e Defesa Civil (Codec), no apoio \u00e0 operacionaliza\u00e7\u00e3o de um assistente automatizado de atendimento ao cidad\u00e3o, entre outras diversas a\u00e7\u00f5es locais realizadas pelas cooperativas em suas comunidades de atua\u00e7\u00e3o.<\/p>\n<p class=\"v1MsoNormal\" style=\"text-align: justify;\">Mais a\u00e7\u00f5es podem ser conferidas em\u00a0<a href=\"https:\/\/www.sicredi.com.br\/site\/ajuders\/\" target=\"_blank\" rel=\"noopener noreferrer\">https:\/\/www.sicredi.com.br\/site\/ajuders\/<\/a>.<\/p>\n<p class=\"v1MsoNormal\" style=\"text-align: justify;\"><b>Associados<\/b><\/p>\n<p class=\"v1MsoNormal\" style=\"text-align: justify;\">A institui\u00e7\u00e3o adotou ainda uma s\u00e9rie de procedimentos de aux\u00edlio aos seus associados. Dentre as principais medidas, o Sicredi possibilitou a posterga\u00e7\u00e3o de vencimento das parcelas dos empr\u00e9stimos e dos financiamentos feitos pelos associados e bloqueio dos protestos e negativa\u00e7\u00f5es autom\u00e1ticas de t\u00edtulos. At\u00e9 o momento, foram realizadas mais de 50 mil prorroga\u00e7\u00f5es de parcelas.<\/p>\n<p class=\"v1MsoNormal\" style=\"text-align: justify;\">No segmento de seguros, foram adiados os vencimentos de parcelas e vig\u00eancias dos contratos de seguros e priorizados os atendimentos para acionamento desse servi\u00e7o. A institui\u00e7\u00e3o acrescenta que flexibilizou condi\u00e7\u00f5es de resgate para produtos de investimentos e Previd\u00eancia, assim como isentou o pagamento de multas e juros por atraso em cons\u00f3rcios. Tamb\u00e9m intensificou medidas para acelerar a emiss\u00e3o de segunda via de cart\u00f5es, sem custos adicionais, e para substitui\u00e7\u00e3o de maquininhas danificadas.<\/p>\n<p class=\"v1MsoNormal\" style=\"text-align: justify;\"><b>Colaboradores<\/b><\/p>\n<p class=\"v1MsoNormal\" style=\"text-align: justify;\">O Sicredi tamb\u00e9m buscou garantir a seguran\u00e7a de seus colaboradores e familiares, apoiando-os desde o primeiro momento no processo de resgate, acomoda\u00e7\u00e3o e suporte emocional e financeiro.<\/p>\n<p class=\"v1MsoNormal\" style=\"text-align: justify;\">No estado, s\u00e3o mais de 19 mil pessoas colaboradoras. Desabrigados receberam acesso imediato a locais para hospedagem, al\u00e9m de todos atingidos receberem antecipa\u00e7\u00e3o do aux\u00edlio alimenta\u00e7\u00e3o. A institui\u00e7\u00e3o refor\u00e7ou ainda a disponibilidade do seu programa de suporte \u00e0 sa\u00fade emocional, Sempre Bem, al\u00e9m de um trabalho direcionado aos casos cr\u00edticos. H\u00e1, ainda, a organiza\u00e7\u00e3o de a\u00e7\u00f5es coordenadas para liberar os colaboradores em a\u00e7\u00f5es de voluntariado e apoio aos colegas mais atingidos.<\/p>\n<p class=\"v1MsoNormal\" style=\"text-align: justify;\"><b>Sobre o Sicredi<\/b><\/p>\n<p class=\"v1MsoNormal\" style=\"text-align: justify;\"><i>O Sicredi \u00e9 uma institui\u00e7\u00e3o financeira cooperativa comprometida com o crescimento de seus associados e com o desenvolvimento das regi\u00f5es onde atua. Possui um modelo de gest\u00e3o que valoriza a participa\u00e7\u00e3o dos mais de 7,5 milh\u00f5es de associados, que exercem o papel de donos do neg\u00f3cio. Com mais de 2.700 ag\u00eancias, o Sicredi est\u00e1 presente fisicamente em todos os estados brasileiros e no Distrito Federal, disponibilizando uma gama completa de solu\u00e7\u00f5es financeiras e n\u00e3o financeiras.<\/i><\/p>\n<p class=\"v1MsoNormal\"><b><i>Site do Sicredi:\u00a0<a href=\"http:\/\/www.sicredi.com.br\/\" target=\"_blank\" rel=\"noopener noreferrer\">www.sicredi.com.br<\/a><\/i><\/b><\/p>\n<p class=\"v1MsoNormal\"><b><i>Redes Sociais:\u00a0<\/i><\/b><em><b><u><span lang=\"EN-US\"><a href=\"http:\/\/www.facebook.com\/sicredicentrooestepaulista\" target=\"_blank\" rel=\"noopener noreferrer\"><i><span lang=\"PT-BR\">Facebook<\/span><\/i><\/a><\/span><\/u><\/b><\/em><em>\u00a0|<\/em>\u00a0<em><b><u><span lang=\"EN-US\"><a href=\"https:\/\/www.linkedin.com\/company\/sicredi-centro-oeste-paulista\/\" target=\"_blank\" rel=\"noopener noreferrer\"><i><span lang=\"PT-BR\">LinkedIn<\/span><\/i><\/a><\/span><\/u><\/b><\/em><em>\u00a0|<\/em>\u00a0<em><b><u><span lang=\"EN-US\"><a href=\"http:\/\/www.youtube.com\/sicredicentrooestepaulista\" target=\"_blank\" rel=\"noopener noreferrer\"><i><span lang=\"PT-BR\">YouTube<\/span><\/i><\/a><\/span><\/u><\/b><\/em><span lang=\"EN-US\">\u00a0<\/span><em>|\u00a0<\/em><em><b><u><span lang=\"EN-US\"><a href=\"http:\/\/www.instagram.com\/sicredicentrooestepaulista\" target=\"_blank\" rel=\"noopener noreferrer\"><i><span lang=\"PT-BR\">Instagram<\/span><\/i><\/a><\/span><\/u><\/b><\/em><\/p>\n<p class=\"v1MsoNormal\">Fonte: Comunica\u00e7\u00e3o e Marketing<\/p>\n","protected":false},"excerpt":{"rendered":"<p>Institui\u00e7\u00e3o financeira cooperativa tamb\u00e9m atua na linha de frente de centros de distribui\u00e7\u00e3o de donativos, medidas em apoio aos seus associados impactados, e suporte aos colaboradores que atuam na regi\u00e3o. As enchentes no Rio Grande do Sul causaram estragos significativos, e o estado ainda precisa de apoio e solidariedade para ajudar a popula\u00e7\u00e3o afetada. O [&hellip;]<\/p>\n","protected":false},"author":1,"featured_media":86399,"comment_status":"closed","ping_status":"open","sticky":false,"template":"","format":"standard","meta":{"footnotes":""},"categories":[110,116],"tags":[],"class_list":["post-86398","post","type-post","status-publish","format-standard","has-post-thumbnail","hentry","category-noticiasdestaque","category-politicaeeconomia"],"_links":{"self":[{"href":"https:\/\/jorgezanoni.com.br\/2019\/wp-json\/wp\/v2\/posts\/86398","targetHints":{"allow":["GET"]}}],"collection":[{"href":"https:\/\/jorgezanoni.com.br\/2019\/wp-json\/wp\/v2\/posts"}],"about":[{"href":"https:\/\/jorgezanoni.com.br\/2019\/wp-json\/wp\/v2\/types\/post"}],"author":[{"embeddable":true,"href":"https:\/\/jorgezanoni.com.br\/2019\/wp-json\/wp\/v2\/users\/1"}],"replies":[{"embeddable":true,"href":"https:\/\/jorgezanoni.com.br\/2019\/wp-json\/wp\/v2\/comments?post=86398"}],"version-history":[{"count":1,"href":"https:\/\/jorgezanoni.com.br\/2019\/wp-json\/wp\/v2\/posts\/86398\/revisions"}],"predecessor-version":[{"id":86400,"href":"https:\/\/jorgezanoni.com.br\/2019\/wp-json\/wp\/v2\/posts\/86398\/revisions\/86400"}],"wp:featuredmedia":[{"embeddable":true,"href":"https:\/\/jorgezanoni.com.br\/2019\/wp-json\/wp\/v2\/media\/86399"}],"wp:attachment":[{"href":"https:\/\/jorgezanoni.com.br\/2019\/wp-json\/wp\/v2\/media?parent=86398"}],"wp:term":[{"taxonomy":"category","embeddable":true,"href":"https:\/\/jorgezanoni.com.br\/2019\/wp-json\/wp\/v2\/categories?post=86398"},{"taxonomy":"post_tag","embeddable":true,"href":"https:\/\/jorgezanoni.com.br\/2019\/wp-json\/wp\/v2\/tags?post=86398"}],"curies":[{"name":"wp","href":"https:\/\/api.w.org\/{rel}","templated":true}]}}