{"id":86343,"date":"2024-05-20T15:40:56","date_gmt":"2024-05-20T15:40:56","guid":{"rendered":"https:\/\/jorgezanoni.com.br\/2019\/?p=86343"},"modified":"2024-05-20T15:44:21","modified_gmt":"2024-05-20T15:44:21","slug":"policia-civil-deflagra-operacao-de-combate-ao-compartilhamento-de-pronografia-infantil-em-santa-mercedes","status":"publish","type":"post","link":"https:\/\/jorgezanoni.com.br\/2019\/policia-civil-deflagra-operacao-de-combate-ao-compartilhamento-de-pronografia-infantil-em-santa-mercedes\/","title":{"rendered":"Pol\u00edcia Civil deflagra opera\u00e7\u00e3o de combate ao compartilhamento de pornografia infantil em Santa Mercedes"},"content":{"rendered":"<p style=\"text-align: justify;\">A Pol\u00edcia Civil, por interm\u00e9dio da Delegacia de Pol\u00edcia de Santa Mercedes, em conjunto com o Centro de Intelig\u00eancia Policial &#8211; CIP da Delegacia Seccional de Pol\u00edcia de Dracena realizou nesta segunda-feira (20) uma opera\u00e7\u00e3o de busca e apreens\u00e3o na resid\u00eancia de um homem de 37 anos, suspeito de compartilhar imagens e v\u00eddeos de pornografia infantil na cidade de Santa Mercedes. Durante a a\u00e7\u00e3o, que contou com apoio operacional de agentes da Delegacia de Pol\u00edcia de Panorama, foram apreendidos aparelhos celulares do investigado, e o homem foi preso devido a um mandado de pris\u00e3o civil emitido pela Vara \u00danica da Comarca de Brasil\u00e2ndia-MS.<\/p>\n<p style=\"text-align: justify;\">Essa opera\u00e7\u00e3o integrou a &#8220;OPERA\u00c7\u00c3O CAMINHOS SEGUROS 2024&#8221;, coordenada pelo Minist\u00e9rio da Justi\u00e7a e Seguran\u00e7a P\u00fablica (MJSP), que tem como objetivo proteger crian\u00e7as e adolescentes combatendo a explora\u00e7\u00e3o sexual infanto-juvenil, em conson\u00e2ncia com a campanha &#8220;MAIO LARANJA&#8221;. As investiga\u00e7\u00f5es conduzidas pela Delegacia de Santa Mercedes, com suporte t\u00e9cnico do Centro de Intelig\u00eancia Policial &#8211; CIP identificaram que o compartilhamento ocorria por meio de um aplicativo de mensagens, onde suspeitos trocavam conte\u00fados pornogr\u00e1ficos envolvendo menores.<\/p>\n<p style=\"text-align: justify;\">Diante dessas constata\u00e7\u00f5es, a Pol\u00edcia Civil, com o respaldo do Minist\u00e9rio P\u00fablico Estadual, solicitou a busca e apreens\u00e3o ao Poder Judici\u00e1rio. Os aparelhos celulares apreendidos ser\u00e3o periciados para identificar os conte\u00fados ilegais, dando continuidade ao inqu\u00e9rito policial e demais procedimentos necess\u00e1rios.<\/p>\n<p style=\"text-align: justify;\">Durante as investiga\u00e7\u00f5es, tamb\u00e9m foi descoberto que o suspeito tinha um mandado de pris\u00e3o em aberto por n\u00e3o pagamento de pens\u00e3o aliment\u00edcia, emitido pela Vara \u00danica da Comarca de Brasil\u00e2ndia-MS, com prazo de pris\u00e3o de 60 dias, o qual foi cumprido imediatamente.<\/p>\n<p style=\"text-align: justify;\">Ap\u00f3s os tr\u00e2mites dos procedimentos de pol\u00edcia judici\u00e1ria, o indiv\u00edduo permaneceu preso, aguardando audi\u00eancia de cust\u00f3dia para sua remo\u00e7\u00e3o a uma unidade prisional espec\u00edfica para casos de pris\u00e3o civil, ficando \u00e0 disposi\u00e7\u00e3o da Justi\u00e7a.<\/p>\n<p><img loading=\"lazy\" decoding=\"async\" class=\"alignnone size-full wp-image-86344\" src=\"https:\/\/jorgezanoni.com.br\/2019\/wp-content\/uploads\/2024\/05\/z-ms2-Pequeno.jpg\" alt=\"\" width=\"360\" height=\"480\" srcset=\"https:\/\/jorgezanoni.com.br\/2019\/wp-content\/uploads\/2024\/05\/z-ms2-Pequeno.jpg 360w, https:\/\/jorgezanoni.com.br\/2019\/wp-content\/uploads\/2024\/05\/z-ms2-Pequeno-225x300.jpg 225w, https:\/\/jorgezanoni.com.br\/2019\/wp-content\/uploads\/2024\/05\/z-ms2-Pequeno-315x420.jpg 315w\" sizes=\"auto, (max-width: 360px) 100vw, 360px\" \/> <img loading=\"lazy\" decoding=\"async\" class=\"alignnone size-full wp-image-86346\" src=\"https:\/\/jorgezanoni.com.br\/2019\/wp-content\/uploads\/2024\/05\/z-sm-Pequeno.jpg\" alt=\"\" width=\"582\" height=\"480\" srcset=\"https:\/\/jorgezanoni.com.br\/2019\/wp-content\/uploads\/2024\/05\/z-sm-Pequeno.jpg 582w, https:\/\/jorgezanoni.com.br\/2019\/wp-content\/uploads\/2024\/05\/z-sm-Pequeno-300x247.jpg 300w, https:\/\/jorgezanoni.com.br\/2019\/wp-content\/uploads\/2024\/05\/z-sm-Pequeno-509x420.jpg 509w\" sizes=\"auto, (max-width: 582px) 100vw, 582px\" \/><\/p>\n<p>Fonte: Com. Social Pol\u00edcia Civil<\/p>\n","protected":false},"excerpt":{"rendered":"<p>A Pol\u00edcia Civil, por interm\u00e9dio da Delegacia de Pol\u00edcia de Santa Mercedes, em conjunto com o Centro de Intelig\u00eancia Policial &#8211; CIP da Delegacia Seccional de Pol\u00edcia de Dracena realizou nesta segunda-feira (20) uma opera\u00e7\u00e3o de busca e apreens\u00e3o na resid\u00eancia de um homem de 37 anos, suspeito de compartilhar imagens e v\u00eddeos de pornografia [&hellip;]<\/p>\n","protected":false},"author":1,"featured_media":86345,"comment_status":"closed","ping_status":"open","sticky":false,"template":"","format":"standard","meta":{"footnotes":""},"categories":[110,2],"tags":[],"class_list":["post-86343","post","type-post","status-publish","format-standard","has-post-thumbnail","hentry","category-noticiasdestaque","category-policial"],"_links":{"self":[{"href":"https:\/\/jorgezanoni.com.br\/2019\/wp-json\/wp\/v2\/posts\/86343","targetHints":{"allow":["GET"]}}],"collection":[{"href":"https:\/\/jorgezanoni.com.br\/2019\/wp-json\/wp\/v2\/posts"}],"about":[{"href":"https:\/\/jorgezanoni.com.br\/2019\/wp-json\/wp\/v2\/types\/post"}],"author":[{"embeddable":true,"href":"https:\/\/jorgezanoni.com.br\/2019\/wp-json\/wp\/v2\/users\/1"}],"replies":[{"embeddable":true,"href":"https:\/\/jorgezanoni.com.br\/2019\/wp-json\/wp\/v2\/comments?post=86343"}],"version-history":[{"count":2,"href":"https:\/\/jorgezanoni.com.br\/2019\/wp-json\/wp\/v2\/posts\/86343\/revisions"}],"predecessor-version":[{"id":86348,"href":"https:\/\/jorgezanoni.com.br\/2019\/wp-json\/wp\/v2\/posts\/86343\/revisions\/86348"}],"wp:featuredmedia":[{"embeddable":true,"href":"https:\/\/jorgezanoni.com.br\/2019\/wp-json\/wp\/v2\/media\/86345"}],"wp:attachment":[{"href":"https:\/\/jorgezanoni.com.br\/2019\/wp-json\/wp\/v2\/media?parent=86343"}],"wp:term":[{"taxonomy":"category","embeddable":true,"href":"https:\/\/jorgezanoni.com.br\/2019\/wp-json\/wp\/v2\/categories?post=86343"},{"taxonomy":"post_tag","embeddable":true,"href":"https:\/\/jorgezanoni.com.br\/2019\/wp-json\/wp\/v2\/tags?post=86343"}],"curies":[{"name":"wp","href":"https:\/\/api.w.org\/{rel}","templated":true}]}}