{"id":86244,"date":"2024-05-17T00:14:17","date_gmt":"2024-05-17T00:14:17","guid":{"rendered":"https:\/\/jorgezanoni.com.br\/2019\/?p=86244"},"modified":"2024-05-17T00:14:17","modified_gmt":"2024-05-17T00:14:17","slug":"policia-civil-realiza-acao-que-resulta-na-prisao-de-homens-procurados-pela-justica-em-dracena","status":"publish","type":"post","link":"https:\/\/jorgezanoni.com.br\/2019\/policia-civil-realiza-acao-que-resulta-na-prisao-de-homens-procurados-pela-justica-em-dracena\/","title":{"rendered":"Pol\u00edcia Civil realiza a\u00e7\u00e3o que resulta na pris\u00e3o de homens procurados pela justi\u00e7a em Dracena"},"content":{"rendered":"<p style=\"text-align: justify;\">A Pol\u00edcia Civil, por meio das Unidades Especializadas e das Delegacias de Pol\u00edcia 1\u00ba e 2\u00ba DP, efetuou a pris\u00e3o nesta quinta-feira (16) de quatro homens com idades entre 40 e 56 anos na cidade de Dracena. Todos os capturados estavam com mandados de pris\u00e3o expedidos pela Justi\u00e7a em aberto.<\/p>\n<p style=\"text-align: justify;\">A opera\u00e7\u00e3o foi realizada durante um trabalho policial com o objetivo de capturar indiv\u00edduos com pend\u00eancias criminais perante a Justi\u00e7a. Duas das pris\u00f5es foram devido \u00e0 falta de pagamento de pens\u00e3o aliment\u00edcia, ambas com pena de 30 dias de pris\u00e3o. \u00c9 importante ressaltar que, no Brasil, o inadimplemento do pagamento de pens\u00e3o aliment\u00edcia \u00e9 o \u00fanico motivo que permite a pris\u00e3o civil.<\/p>\n<p style=\"text-align: justify;\">As outras duas pris\u00f5es foram relacionadas a crimes criminais, especificamente roubo e les\u00e3o corporal, resultando na aplica\u00e7\u00e3o de penas que incluem interna\u00e7\u00e3o e medida de seguran\u00e7a a ser cumprida em unidade de Cust\u00f3dia e Tratamento Psiqui\u00e1trico.<\/p>\n<p>Fonte: Com. Social Pol\u00edcia Civil<\/p>\n","protected":false},"excerpt":{"rendered":"<p>A Pol\u00edcia Civil, por meio das Unidades Especializadas e das Delegacias de Pol\u00edcia 1\u00ba e 2\u00ba DP, efetuou a pris\u00e3o nesta quinta-feira (16) de quatro homens com idades entre 40 e 56 anos na cidade de Dracena. Todos os capturados estavam com mandados de pris\u00e3o expedidos pela Justi\u00e7a em aberto. A opera\u00e7\u00e3o foi realizada durante [&hellip;]<\/p>\n","protected":false},"author":1,"featured_media":86245,"comment_status":"closed","ping_status":"open","sticky":false,"template":"","format":"standard","meta":{"footnotes":""},"categories":[110,2],"tags":[],"class_list":["post-86244","post","type-post","status-publish","format-standard","has-post-thumbnail","hentry","category-noticiasdestaque","category-policial"],"_links":{"self":[{"href":"https:\/\/jorgezanoni.com.br\/2019\/wp-json\/wp\/v2\/posts\/86244","targetHints":{"allow":["GET"]}}],"collection":[{"href":"https:\/\/jorgezanoni.com.br\/2019\/wp-json\/wp\/v2\/posts"}],"about":[{"href":"https:\/\/jorgezanoni.com.br\/2019\/wp-json\/wp\/v2\/types\/post"}],"author":[{"embeddable":true,"href":"https:\/\/jorgezanoni.com.br\/2019\/wp-json\/wp\/v2\/users\/1"}],"replies":[{"embeddable":true,"href":"https:\/\/jorgezanoni.com.br\/2019\/wp-json\/wp\/v2\/comments?post=86244"}],"version-history":[{"count":1,"href":"https:\/\/jorgezanoni.com.br\/2019\/wp-json\/wp\/v2\/posts\/86244\/revisions"}],"predecessor-version":[{"id":86246,"href":"https:\/\/jorgezanoni.com.br\/2019\/wp-json\/wp\/v2\/posts\/86244\/revisions\/86246"}],"wp:featuredmedia":[{"embeddable":true,"href":"https:\/\/jorgezanoni.com.br\/2019\/wp-json\/wp\/v2\/media\/86245"}],"wp:attachment":[{"href":"https:\/\/jorgezanoni.com.br\/2019\/wp-json\/wp\/v2\/media?parent=86244"}],"wp:term":[{"taxonomy":"category","embeddable":true,"href":"https:\/\/jorgezanoni.com.br\/2019\/wp-json\/wp\/v2\/categories?post=86244"},{"taxonomy":"post_tag","embeddable":true,"href":"https:\/\/jorgezanoni.com.br\/2019\/wp-json\/wp\/v2\/tags?post=86244"}],"curies":[{"name":"wp","href":"https:\/\/api.w.org\/{rel}","templated":true}]}}