{"id":86225,"date":"2024-05-16T15:51:06","date_gmt":"2024-05-16T15:51:06","guid":{"rendered":"https:\/\/jorgezanoni.com.br\/2019\/?p=86225"},"modified":"2024-05-16T15:51:29","modified_gmt":"2024-05-16T15:51:29","slug":"agrishow-2024-com-aumento-de-124-no-volume-de-negocios-sicredi-reforca-apoio-ao-agronegocio","status":"publish","type":"post","link":"https:\/\/jorgezanoni.com.br\/2019\/agrishow-2024-com-aumento-de-124-no-volume-de-negocios-sicredi-reforca-apoio-ao-agronegocio\/","title":{"rendered":"Agrishow 2024: Com aumento de 124% no volume de neg\u00f3cios, Sicredi refor\u00e7a apoio ao agroneg\u00f3cio"},"content":{"rendered":"<p style=\"text-align: justify;\" align=\"center\"><strong><i>Patrocinadora oficial da feira, institui\u00e7\u00e3o financeira cooperativa registrou R$ 166,5 milh\u00f5es em propostas de financiamento e cr\u00e9dito protocoladas durante o evento.<\/i><\/strong><\/p>\n<p style=\"text-align: justify;\">Segunda maior institui\u00e7\u00e3o financeira em carteira agro no pa\u00eds, o Sicredi encerrou sua participa\u00e7\u00e3o na 29.\u00aa edi\u00e7\u00e3o da Agrishow, que aconteceu entre 29 de abril e 3 de maio, com\u00a0<strong>mais de R$ 166,5 milh\u00f5es em volume de neg\u00f3cios de financiamento e cr\u00e9dito<\/strong>\u00a0&#8211; o que representa um aumento de 124% se comparado com as propostas protocoladas na edi\u00e7\u00e3o de 2023. Durante os cinco dias de feira, apenas os cons\u00f3rcios de m\u00e1quinas e implementos tiveram 114 propostas protocoladas, totalizando mais de R$ 17 milh\u00f5es em volume desse tipo de solu\u00e7\u00e3o. Durante o evento, que reuniu mais de 195 mil pessoas, o Sicredi\u00a0 ofereceu uma condi\u00e7\u00e3o especial para aquisi\u00e7\u00e3o de cons\u00f3rcios.<\/p>\n<p style=\"text-align: justify;\">Com presen\u00e7a nacional e foco no atendimento local, o Sicredi se diferencia justamente por essa proximidade com o associado e pela promo\u00e7\u00e3o do chamado\u00a0<strong>ciclo virtuoso<\/strong>. &#8220;Em eventos como a Agrishow, refor\u00e7amos um de nossos principais diferenciais, o relacionamento pr\u00f3ximo com os associados. A feira tamb\u00e9m nos permite interagir com parceiros e aprimorar continuamente nossas solu\u00e7\u00f5es para atendermos cada vez melhor, desenvolvendo potencialmente os neg\u00f3cios e as vidas das pessoas&#8221;, destaca o gerente de Desenvolvimento de Neg\u00f3cios da Central Sicredi PR\/SP\/RJ, Gilson Farias.<\/p>\n<p style=\"text-align: justify;\">At\u00e9 agora, a institui\u00e7\u00e3o financeira cooperativa j\u00e1 liberou mais de R$ 42 bilh\u00f5es aos seus associados dentro do Plano Safra 2023\/2024, representando um crescimento de 16% em rela\u00e7\u00e3o ao per\u00edodo anterior. Al\u00e9m disso, com mais de 700 mil produtores rurais associados, o Sicredi \u00e9 o maior agente repassador do Banco Nacional de Desenvolvimento Econ\u00f4mico e Social (BNDES) em 2023. No per\u00edodo, foram liberados R$ 8,2 bilh\u00f5es pela institui\u00e7\u00e3o financeira cooperativa, dos quais R$ 5,7 bilh\u00f5es foram destinados diretamente ao agroneg\u00f3cio.<\/p>\n<p style=\"text-align: justify;\"><strong>Prosperidade e sustentabilidade no campo\u00a0<\/strong><\/p>\n<p style=\"text-align: justify;\">De acordo com a Confedera\u00e7\u00e3o Nacional dos Trabalhadores na Agricultura (Contag), em 2023 a agricultura familiar respondeu por 40% da renda da popula\u00e7\u00e3o economicamente ativa em 90% dos munic\u00edpios brasileiros com at\u00e9 20 mil habitantes. No Sicredi, 95% dos associados Agro s\u00e3o pequenos e m\u00e9dios produtores rurais. Em 2023, a institui\u00e7\u00e3o financeira cooperativa destinou mais de R$ 10,6 bilh\u00f5es para apoiar esses produtores, principalmente por meio do Programa Nacional de Fortalecimento da Agricultura Familiar (Pronaf). Na atual safra (julho a mar\u00e7o), foram realizadas mais de 140 mil opera\u00e7\u00f5es pelo Pronaf, com um valor superior a R$ 9,3 bilh\u00f5es.<\/p>\n<p style=\"text-align: justify;\">O Sicredi tamb\u00e9m est\u00e1 comprometido com a sustentabilidade no campo, refletida em sua carteira de cr\u00e9dito para Economia Verde, que totalizou R$ 51 bilh\u00f5es. Deste montante, R$ 5,8 bilh\u00f5es foram direcionados para Energia Renov\u00e1vel e Sustentabilidade Ambiental. Al\u00e9m disso, o saldo da carteira de cr\u00e9dito do Sicredi destinada \u00e0 energia solar e efici\u00eancia energ\u00e9tica em todo o pa\u00eds alcan\u00e7ou R$ 5,7 bilh\u00f5es no final de 2023, abrangendo produtos de financiamento e CPR Solar.<\/p>\n<p style=\"text-align: justify;\"><strong>Presen\u00e7as<\/strong><\/p>\n<p style=\"text-align: justify;\">Durante a Agrishow, o presidente da Frente Parlamentar do Cooperativismo (Frencoop) e deputado federal por S\u00e3o Paulo, Arnaldo Jardim, recebeu das m\u00e3os do e diretor do WOCCU (Conselho Mundial das Cooperativas de Cr\u00e9dito), , uma carta convite assinada pela CEO da entidade, Elissa McCarter Laborde, para participar da Confer\u00eancia Mundial, que ser\u00e1 realizada em Boston (EUA) no m\u00eas de julho. O parlamentar, reconhecido por sua atua\u00e7\u00e3o em prol do fortalecimento do cooperativismo brasileiro, teve sua indica\u00e7\u00e3o como lideran\u00e7a homenageada pelo Conselho aprovada de forma un\u00e2nime.<\/p>\n<p style=\"text-align: justify;\">A cerim\u00f4nia realizada durante a Agrishow contou com a presen\u00e7a de diversas autoridades, incluindo o presidente da Central Sicredi PR\/SP\/RJ, Manfred Dasenbrock; o presidente da Sicredi Parque das Arauc\u00e1rias PR\/SC\/SP, Clemente Renosto; do gerente de Desenvolvimento de Neg\u00f3cios da Central Sicredi PR\/SP\/RJ, Gilson Farias; do diretor-executivo de Neg\u00f3cios, Cr\u00e9dito e Produtos do Sicredi, Gustavo Freitas; e do presidente do Sistema Ocesp, Edivaldo Del Grande, al\u00e9m de outros convidados e imprensa.<\/p>\n<p style=\"text-align: justify;\">&#8220;Nosso modelo \u00e9 estruturado e organizado com uma rela\u00e7\u00e3o muito saud\u00e1vel com o Banco Central do Brasil, o parlamento, a OCB e com organiza\u00e7\u00f5es regionais como Ocesp e Ocepar. Isso \u00e9 o que nos d\u00e1 suporte para continuarmos fortalecendo as nossas rela\u00e7\u00f5es com as pessoas e a economia de milhares de cidades brasileiras&#8221;, finalizou Manfred Dasenbrock.<\/p>\n<p class=\"v1MsoPlainText\" style=\"text-align: justify;\"><b>Sobre o Sicredi<\/b><\/p>\n<p class=\"v1MsoNormal\" style=\"text-align: justify;\"><i>O Sicredi \u00e9 uma institui\u00e7\u00e3o financeira cooperativa comprometida com o crescimento de seus associados e com o desenvolvimento das regi\u00f5es onde atua. Possui um modelo de gest\u00e3o que valoriza a participa\u00e7\u00e3o dos mais de 7,5 milh\u00f5es de associados, que exercem o papel de donos do neg\u00f3cio. Com mais de 2.700 ag\u00eancias, o Sicredi est\u00e1 presente fisicamente em todos os estados brasileiros e no Distrito Federal, disponibilizando uma gama completa de solu\u00e7\u00f5es financeiras e n\u00e3o financeiras.<\/i><\/p>\n<p class=\"v1MsoNormal\"><b><i>Site do Sicredi:\u00a0<a href=\"http:\/\/www.sicredi.com.br\/\" target=\"_blank\" rel=\"noopener noreferrer\">www.sicredi.com.br<\/a><\/i><\/b><\/p>\n<p class=\"v1MsoNormal\"><b><i>Redes Sociais:\u00a0<\/i><\/b><em><b><u><span lang=\"EN-US\"><a href=\"http:\/\/www.facebook.com\/sicredicentrooestepaulista\" target=\"_blank\" rel=\"noopener noreferrer\"><i><span lang=\"PT-BR\">Facebook<\/span><\/i><\/a><\/span><\/u><\/b><\/em><em>\u00a0|<\/em>\u00a0<em><b><u><span lang=\"EN-US\"><a href=\"https:\/\/www.linkedin.com\/company\/sicredi-centro-oeste-paulista\/\" target=\"_blank\" rel=\"noopener noreferrer\"><i><span lang=\"PT-BR\">LinkedIn<\/span><\/i><\/a><\/span><\/u><\/b><\/em><em>\u00a0|<\/em>\u00a0<em><b><u><span lang=\"EN-US\"><a href=\"http:\/\/www.youtube.com\/sicredicentrooestepaulista\" target=\"_blank\" rel=\"noopener noreferrer\"><i><span lang=\"PT-BR\">YouTube<\/span><\/i><\/a><\/span><\/u><\/b><\/em><span lang=\"EN-US\">\u00a0<\/span><em>|\u00a0<\/em><em><b><u><span lang=\"EN-US\"><a href=\"http:\/\/www.instagram.com\/sicredicentrooestepaulista\" target=\"_blank\" rel=\"noopener noreferrer\"><i><span lang=\"PT-BR\">Instagram<\/span><\/i><\/a><\/span><\/u><\/b><\/em><\/p>\n<p>Fonte: Comunica\u00e7\u00e3o e Marketing<\/p>\n","protected":false},"excerpt":{"rendered":"<p>Patrocinadora oficial da feira, institui\u00e7\u00e3o financeira cooperativa registrou R$ 166,5 milh\u00f5es em propostas de financiamento e cr\u00e9dito protocoladas durante o evento. Segunda maior institui\u00e7\u00e3o financeira em carteira agro no pa\u00eds, o Sicredi encerrou sua participa\u00e7\u00e3o na 29.\u00aa edi\u00e7\u00e3o da Agrishow, que aconteceu entre 29 de abril e 3 de maio, com\u00a0mais de R$ 166,5 milh\u00f5es [&hellip;]<\/p>\n","protected":false},"author":1,"featured_media":86226,"comment_status":"closed","ping_status":"open","sticky":false,"template":"","format":"standard","meta":{"footnotes":""},"categories":[110,116],"tags":[],"class_list":["post-86225","post","type-post","status-publish","format-standard","has-post-thumbnail","hentry","category-noticiasdestaque","category-politicaeeconomia"],"_links":{"self":[{"href":"https:\/\/jorgezanoni.com.br\/2019\/wp-json\/wp\/v2\/posts\/86225","targetHints":{"allow":["GET"]}}],"collection":[{"href":"https:\/\/jorgezanoni.com.br\/2019\/wp-json\/wp\/v2\/posts"}],"about":[{"href":"https:\/\/jorgezanoni.com.br\/2019\/wp-json\/wp\/v2\/types\/post"}],"author":[{"embeddable":true,"href":"https:\/\/jorgezanoni.com.br\/2019\/wp-json\/wp\/v2\/users\/1"}],"replies":[{"embeddable":true,"href":"https:\/\/jorgezanoni.com.br\/2019\/wp-json\/wp\/v2\/comments?post=86225"}],"version-history":[{"count":1,"href":"https:\/\/jorgezanoni.com.br\/2019\/wp-json\/wp\/v2\/posts\/86225\/revisions"}],"predecessor-version":[{"id":86227,"href":"https:\/\/jorgezanoni.com.br\/2019\/wp-json\/wp\/v2\/posts\/86225\/revisions\/86227"}],"wp:featuredmedia":[{"embeddable":true,"href":"https:\/\/jorgezanoni.com.br\/2019\/wp-json\/wp\/v2\/media\/86226"}],"wp:attachment":[{"href":"https:\/\/jorgezanoni.com.br\/2019\/wp-json\/wp\/v2\/media?parent=86225"}],"wp:term":[{"taxonomy":"category","embeddable":true,"href":"https:\/\/jorgezanoni.com.br\/2019\/wp-json\/wp\/v2\/categories?post=86225"},{"taxonomy":"post_tag","embeddable":true,"href":"https:\/\/jorgezanoni.com.br\/2019\/wp-json\/wp\/v2\/tags?post=86225"}],"curies":[{"name":"wp","href":"https:\/\/api.w.org\/{rel}","templated":true}]}}