{"id":86188,"date":"2024-05-15T01:27:28","date_gmt":"2024-05-15T01:27:28","guid":{"rendered":"https:\/\/jorgezanoni.com.br\/2019\/?p=86188"},"modified":"2024-05-15T01:27:28","modified_gmt":"2024-05-15T01:27:28","slug":"delegados-da-policia-civil-recebem-homenagem-da-camara-municipal-de-dracena","status":"publish","type":"post","link":"https:\/\/jorgezanoni.com.br\/2019\/delegados-da-policia-civil-recebem-homenagem-da-camara-municipal-de-dracena\/","title":{"rendered":"Delegados da Pol\u00edcia Civil recebem homenagem da C\u00e2mara Municipal de Dracena"},"content":{"rendered":"<p style=\"text-align: justify;\"><strong>A noite de maio marcou um evento not\u00e1vel na C\u00e2mara Municipal de Dracena: a Sess\u00e3o Solene de entrega de Diplomas de Honra ao M\u00e9rito aos ilustres Delegados de Pol\u00edcia Dr. Alexandre Luis Luengo Lopes, Delegado Seccional de Pol\u00edcia de Dracena, e Dr. Cl\u00e9ber Augusto Batista, Delegado de Pol\u00edcia da DIG.<\/strong><\/p>\n<p style=\"text-align: justify;\">A homenagem foi em reconhecimento aos excelentes servi\u00e7os prestados \u00e0 &#8220;Cidade Milagre&#8221; de Dracena durante a unifica\u00e7\u00e3o das unidades policiais civis da cidade, resultando na moderna Central de Pol\u00edcia Judici\u00e1ria. Essa majestosa obra, erguida com recursos pr\u00f3prios do Estado e gerida com maestria pelos homenageados, reflete n\u00e3o apenas um investimento material, mas tamb\u00e9m um compromisso dedicado \u00e0 seguran\u00e7a e \u00e0 ordem na regi\u00e3o.<\/p>\n<p style=\"text-align: justify;\">Os Projetos de Decreto Legislativo, apresentados pelo vereador Presidente Danilo Ledo e aprovados por unanimidade pelos Nobres Vereadores, foram o ve\u00edculo para essa justa homenagem. A Sess\u00e3o de entrega foi marcada pela emo\u00e7\u00e3o, com a presen\u00e7a de Autoridades Judici\u00e1rias, Delegados de Pol\u00edcia, o Diretor do Deinter 8, Dr. Walmir Geralde, Policiais Civis de todas as carreiras, familiares, amigos, convidados e visitantes que lotaram o recinto da edilidade dracenense.<\/p>\n<p style=\"text-align: justify;\">Este evento singular n\u00e3o apenas honra a Pol\u00edcia Civil do Estado de S\u00e3o Paulo, mas tamb\u00e9m ressalta os feitos not\u00e1veis da Pol\u00edcia Civil bandeirante. Oradores diversos ocuparam a tribuna da C\u00e2mara para destacar o trabalho \u00e1rduo e prof\u00edcuo realizados pelos homenageados, enaltecendo o compromisso da institui\u00e7\u00e3o com a seguran\u00e7a e a justi\u00e7a na regi\u00e3o.<\/p>\n<p style=\"text-align: justify;\">A presen\u00e7a emocionante de familiares acrescentou um brilho especial a este evento, que h\u00e1 muito n\u00e3o se via em Dracena. A entrega desses Diplomas de Honra ao M\u00e9rito \u00e9 mais do que um reconhecimento da edilidade; \u00e9 um testemunho do esfor\u00e7o, da dedica\u00e7\u00e3o e da integridade dos homenageados, que dignificam n\u00e3o apenas a cidade, mas toda a regi\u00e3o e a institui\u00e7\u00e3o da Pol\u00edcia Civil.<\/p>\n<p><img loading=\"lazy\" decoding=\"async\" class=\"alignnone size-full wp-image-86192\" src=\"https:\/\/jorgezanoni.com.br\/2019\/wp-content\/uploads\/2024\/05\/pc-Pequeno.jpg\" alt=\"\" width=\"343\" height=\"480\" srcset=\"https:\/\/jorgezanoni.com.br\/2019\/wp-content\/uploads\/2024\/05\/pc-Pequeno.jpg 343w, https:\/\/jorgezanoni.com.br\/2019\/wp-content\/uploads\/2024\/05\/pc-Pequeno-214x300.jpg 214w, https:\/\/jorgezanoni.com.br\/2019\/wp-content\/uploads\/2024\/05\/pc-Pequeno-300x420.jpg 300w\" sizes=\"auto, (max-width: 343px) 100vw, 343px\" \/> <img loading=\"lazy\" decoding=\"async\" class=\"alignnone size-full wp-image-86193\" src=\"https:\/\/jorgezanoni.com.br\/2019\/wp-content\/uploads\/2024\/05\/pc1-Pequeno.jpg\" alt=\"\" width=\"640\" height=\"480\" srcset=\"https:\/\/jorgezanoni.com.br\/2019\/wp-content\/uploads\/2024\/05\/pc1-Pequeno.jpg 640w, https:\/\/jorgezanoni.com.br\/2019\/wp-content\/uploads\/2024\/05\/pc1-Pequeno-300x225.jpg 300w, https:\/\/jorgezanoni.com.br\/2019\/wp-content\/uploads\/2024\/05\/pc1-Pequeno-80x60.jpg 80w, https:\/\/jorgezanoni.com.br\/2019\/wp-content\/uploads\/2024\/05\/pc1-Pequeno-265x198.jpg 265w, https:\/\/jorgezanoni.com.br\/2019\/wp-content\/uploads\/2024\/05\/pc1-Pequeno-560x420.jpg 560w\" sizes=\"auto, (max-width: 640px) 100vw, 640px\" \/> <img loading=\"lazy\" decoding=\"async\" class=\"alignnone size-full wp-image-86195\" src=\"https:\/\/jorgezanoni.com.br\/2019\/wp-content\/uploads\/2024\/05\/pc3-Pequeno.jpg\" alt=\"\" width=\"375\" height=\"480\" srcset=\"https:\/\/jorgezanoni.com.br\/2019\/wp-content\/uploads\/2024\/05\/pc3-Pequeno.jpg 375w, https:\/\/jorgezanoni.com.br\/2019\/wp-content\/uploads\/2024\/05\/pc3-Pequeno-234x300.jpg 234w, https:\/\/jorgezanoni.com.br\/2019\/wp-content\/uploads\/2024\/05\/pc3-Pequeno-328x420.jpg 328w\" sizes=\"auto, (max-width: 375px) 100vw, 375px\" \/><\/p>\n<p>Fonte: Com. Social Pol\u00edcia Civil<\/p>\n","protected":false},"excerpt":{"rendered":"<p>A noite de maio marcou um evento not\u00e1vel na C\u00e2mara Municipal de Dracena: a Sess\u00e3o Solene de entrega de Diplomas de Honra ao M\u00e9rito aos ilustres Delegados de Pol\u00edcia Dr. Alexandre Luis Luengo Lopes, Delegado Seccional de Pol\u00edcia de Dracena, e Dr. Cl\u00e9ber Augusto Batista, Delegado de Pol\u00edcia da DIG. A homenagem foi em reconhecimento [&hellip;]<\/p>\n","protected":false},"author":1,"featured_media":86194,"comment_status":"closed","ping_status":"open","sticky":false,"template":"","format":"standard","meta":{"footnotes":""},"categories":[110,2],"tags":[],"class_list":["post-86188","post","type-post","status-publish","format-standard","has-post-thumbnail","hentry","category-noticiasdestaque","category-policial"],"_links":{"self":[{"href":"https:\/\/jorgezanoni.com.br\/2019\/wp-json\/wp\/v2\/posts\/86188","targetHints":{"allow":["GET"]}}],"collection":[{"href":"https:\/\/jorgezanoni.com.br\/2019\/wp-json\/wp\/v2\/posts"}],"about":[{"href":"https:\/\/jorgezanoni.com.br\/2019\/wp-json\/wp\/v2\/types\/post"}],"author":[{"embeddable":true,"href":"https:\/\/jorgezanoni.com.br\/2019\/wp-json\/wp\/v2\/users\/1"}],"replies":[{"embeddable":true,"href":"https:\/\/jorgezanoni.com.br\/2019\/wp-json\/wp\/v2\/comments?post=86188"}],"version-history":[{"count":1,"href":"https:\/\/jorgezanoni.com.br\/2019\/wp-json\/wp\/v2\/posts\/86188\/revisions"}],"predecessor-version":[{"id":86196,"href":"https:\/\/jorgezanoni.com.br\/2019\/wp-json\/wp\/v2\/posts\/86188\/revisions\/86196"}],"wp:featuredmedia":[{"embeddable":true,"href":"https:\/\/jorgezanoni.com.br\/2019\/wp-json\/wp\/v2\/media\/86194"}],"wp:attachment":[{"href":"https:\/\/jorgezanoni.com.br\/2019\/wp-json\/wp\/v2\/media?parent=86188"}],"wp:term":[{"taxonomy":"category","embeddable":true,"href":"https:\/\/jorgezanoni.com.br\/2019\/wp-json\/wp\/v2\/categories?post=86188"},{"taxonomy":"post_tag","embeddable":true,"href":"https:\/\/jorgezanoni.com.br\/2019\/wp-json\/wp\/v2\/tags?post=86188"}],"curies":[{"name":"wp","href":"https:\/\/api.w.org\/{rel}","templated":true}]}}