{"id":86060,"date":"2024-05-12T13:42:45","date_gmt":"2024-05-12T13:42:45","guid":{"rendered":"https:\/\/jorgezanoni.com.br\/2019\/?p=86060"},"modified":"2024-05-12T13:42:45","modified_gmt":"2024-05-12T13:42:45","slug":"ciclista-e-atropelado-por-veiculo-em-rodovia-de-dracena","status":"publish","type":"post","link":"https:\/\/jorgezanoni.com.br\/2019\/ciclista-e-atropelado-por-veiculo-em-rodovia-de-dracena\/","title":{"rendered":"Ciclista \u00e9 atropelado por ve\u00edculo em Rodovia de Dracena"},"content":{"rendered":"<p style=\"text-align: justify;\"><strong>Acidente ocorreu no KM. 06 da Rodovia Byron de Azevedo Nogueira em Dracena.<\/strong><\/p>\n<p style=\"text-align: justify;\">Segundo informa\u00e7\u00f5es obtidas pela reportagem do Site JZ e TOP TV, um ve\u00edculo Corsa Hatch placas Mercosul conduzido por um homem de 49 anos morador de Dracena, colidiu na traseira de uma bicicleta que tinha um rapaz de 19 anos morador de Ouro Verde<\/p>\n<p style=\"text-align: justify;\">O acidente aconteceu no sentido Dracena a Ouro Verde por volta das 05:45 Horas da manh\u00e3 deste domingo (12)<\/p>\n<p style=\"text-align: justify;\">O ciclista foi socorrido por uma Unidade de Resgate do Corpo de Bombeiros ao Pronto Atendimento Municipal de Dracena. O motorista n\u00e3o se feriu.<\/p>\n<p style=\"text-align: justify;\">A Pol\u00edcia Militar Rodovi\u00e1ria base operacional de Adamantina esteve no local para o registro da ocorr\u00eancia e a Pol\u00edcia T\u00e9cnica vai apurar as reais causas do acidente<\/p>\n<p><img loading=\"lazy\" decoding=\"async\" class=\"alignnone size-full wp-image-86061\" src=\"https:\/\/jorgezanoni.com.br\/2019\/wp-content\/uploads\/2024\/05\/acid-1-Pequeno.jpg\" alt=\"\" width=\"640\" height=\"480\" srcset=\"https:\/\/jorgezanoni.com.br\/2019\/wp-content\/uploads\/2024\/05\/acid-1-Pequeno.jpg 640w, https:\/\/jorgezanoni.com.br\/2019\/wp-content\/uploads\/2024\/05\/acid-1-Pequeno-300x225.jpg 300w, https:\/\/jorgezanoni.com.br\/2019\/wp-content\/uploads\/2024\/05\/acid-1-Pequeno-80x60.jpg 80w, https:\/\/jorgezanoni.com.br\/2019\/wp-content\/uploads\/2024\/05\/acid-1-Pequeno-265x198.jpg 265w, https:\/\/jorgezanoni.com.br\/2019\/wp-content\/uploads\/2024\/05\/acid-1-Pequeno-560x420.jpg 560w\" sizes=\"auto, (max-width: 640px) 100vw, 640px\" \/> <img loading=\"lazy\" decoding=\"async\" class=\"alignnone size-full wp-image-86062\" src=\"https:\/\/jorgezanoni.com.br\/2019\/wp-content\/uploads\/2024\/05\/Acid.-Pequeno.jpg\" alt=\"\" width=\"640\" height=\"480\" srcset=\"https:\/\/jorgezanoni.com.br\/2019\/wp-content\/uploads\/2024\/05\/Acid.-Pequeno.jpg 640w, https:\/\/jorgezanoni.com.br\/2019\/wp-content\/uploads\/2024\/05\/Acid.-Pequeno-300x225.jpg 300w, https:\/\/jorgezanoni.com.br\/2019\/wp-content\/uploads\/2024\/05\/Acid.-Pequeno-80x60.jpg 80w, https:\/\/jorgezanoni.com.br\/2019\/wp-content\/uploads\/2024\/05\/Acid.-Pequeno-265x198.jpg 265w, https:\/\/jorgezanoni.com.br\/2019\/wp-content\/uploads\/2024\/05\/Acid.-Pequeno-560x420.jpg 560w\" sizes=\"auto, (max-width: 640px) 100vw, 640px\" \/> <img loading=\"lazy\" decoding=\"async\" class=\"alignnone size-full wp-image-86063\" src=\"https:\/\/jorgezanoni.com.br\/2019\/wp-content\/uploads\/2024\/05\/acid.2-1-Pequeno.jpg\" alt=\"\" width=\"851\" height=\"480\" srcset=\"https:\/\/jorgezanoni.com.br\/2019\/wp-content\/uploads\/2024\/05\/acid.2-1-Pequeno.jpg 851w, https:\/\/jorgezanoni.com.br\/2019\/wp-content\/uploads\/2024\/05\/acid.2-1-Pequeno-300x169.jpg 300w, https:\/\/jorgezanoni.com.br\/2019\/wp-content\/uploads\/2024\/05\/acid.2-1-Pequeno-768x433.jpg 768w, https:\/\/jorgezanoni.com.br\/2019\/wp-content\/uploads\/2024\/05\/acid.2-1-Pequeno-696x393.jpg 696w, https:\/\/jorgezanoni.com.br\/2019\/wp-content\/uploads\/2024\/05\/acid.2-1-Pequeno-745x420.jpg 745w\" sizes=\"auto, (max-width: 851px) 100vw, 851px\" \/> <img loading=\"lazy\" decoding=\"async\" class=\"alignnone size-full wp-image-86064\" src=\"https:\/\/jorgezanoni.com.br\/2019\/wp-content\/uploads\/2024\/05\/acid.3-1.jpg\" alt=\"\" width=\"848\" height=\"916\" srcset=\"https:\/\/jorgezanoni.com.br\/2019\/wp-content\/uploads\/2024\/05\/acid.3-1.jpg 848w, https:\/\/jorgezanoni.com.br\/2019\/wp-content\/uploads\/2024\/05\/acid.3-1-278x300.jpg 278w, https:\/\/jorgezanoni.com.br\/2019\/wp-content\/uploads\/2024\/05\/acid.3-1-768x830.jpg 768w, https:\/\/jorgezanoni.com.br\/2019\/wp-content\/uploads\/2024\/05\/acid.3-1-696x752.jpg 696w, https:\/\/jorgezanoni.com.br\/2019\/wp-content\/uploads\/2024\/05\/acid.3-1-389x420.jpg 389w\" sizes=\"auto, (max-width: 848px) 100vw, 848px\" \/> <img loading=\"lazy\" decoding=\"async\" class=\"alignnone size-full wp-image-86065\" src=\"https:\/\/jorgezanoni.com.br\/2019\/wp-content\/uploads\/2024\/05\/acid.6-1-Pequeno.jpg\" alt=\"\" width=\"600\" height=\"480\" srcset=\"https:\/\/jorgezanoni.com.br\/2019\/wp-content\/uploads\/2024\/05\/acid.6-1-Pequeno.jpg 600w, https:\/\/jorgezanoni.com.br\/2019\/wp-content\/uploads\/2024\/05\/acid.6-1-Pequeno-300x240.jpg 300w, https:\/\/jorgezanoni.com.br\/2019\/wp-content\/uploads\/2024\/05\/acid.6-1-Pequeno-525x420.jpg 525w\" sizes=\"auto, (max-width: 600px) 100vw, 600px\" \/><\/p>\n<p>Jorge Zanoni<\/p>\n<p>&nbsp;<\/p>\n<p>&nbsp;<\/p>\n<p>&nbsp;<\/p>\n<p>&nbsp;<\/p>\n<p>&nbsp;<\/p>\n","protected":false},"excerpt":{"rendered":"<p>Acidente ocorreu no KM. 06 da Rodovia Byron de Azevedo Nogueira em Dracena. Segundo informa\u00e7\u00f5es obtidas pela reportagem do Site JZ e TOP TV, um ve\u00edculo Corsa Hatch placas Mercosul conduzido por um homem de 49 anos morador de Dracena, colidiu na traseira de uma bicicleta que tinha um rapaz de 19 anos morador de [&hellip;]<\/p>\n","protected":false},"author":1,"featured_media":86066,"comment_status":"closed","ping_status":"open","sticky":false,"template":"","format":"standard","meta":{"footnotes":""},"categories":[170,110],"tags":[],"class_list":["post-86060","post","type-post","status-publish","format-standard","has-post-thumbnail","hentry","category-acidentes","category-noticiasdestaque"],"_links":{"self":[{"href":"https:\/\/jorgezanoni.com.br\/2019\/wp-json\/wp\/v2\/posts\/86060","targetHints":{"allow":["GET"]}}],"collection":[{"href":"https:\/\/jorgezanoni.com.br\/2019\/wp-json\/wp\/v2\/posts"}],"about":[{"href":"https:\/\/jorgezanoni.com.br\/2019\/wp-json\/wp\/v2\/types\/post"}],"author":[{"embeddable":true,"href":"https:\/\/jorgezanoni.com.br\/2019\/wp-json\/wp\/v2\/users\/1"}],"replies":[{"embeddable":true,"href":"https:\/\/jorgezanoni.com.br\/2019\/wp-json\/wp\/v2\/comments?post=86060"}],"version-history":[{"count":1,"href":"https:\/\/jorgezanoni.com.br\/2019\/wp-json\/wp\/v2\/posts\/86060\/revisions"}],"predecessor-version":[{"id":86067,"href":"https:\/\/jorgezanoni.com.br\/2019\/wp-json\/wp\/v2\/posts\/86060\/revisions\/86067"}],"wp:featuredmedia":[{"embeddable":true,"href":"https:\/\/jorgezanoni.com.br\/2019\/wp-json\/wp\/v2\/media\/86066"}],"wp:attachment":[{"href":"https:\/\/jorgezanoni.com.br\/2019\/wp-json\/wp\/v2\/media?parent=86060"}],"wp:term":[{"taxonomy":"category","embeddable":true,"href":"https:\/\/jorgezanoni.com.br\/2019\/wp-json\/wp\/v2\/categories?post=86060"},{"taxonomy":"post_tag","embeddable":true,"href":"https:\/\/jorgezanoni.com.br\/2019\/wp-json\/wp\/v2\/tags?post=86060"}],"curies":[{"name":"wp","href":"https:\/\/api.w.org\/{rel}","templated":true}]}}