{"id":86042,"date":"2024-05-11T13:09:54","date_gmt":"2024-05-11T13:09:54","guid":{"rendered":"https:\/\/jorgezanoni.com.br\/2019\/?p=86042"},"modified":"2024-05-11T21:17:03","modified_gmt":"2024-05-11T21:17:03","slug":"morre-o-reporter-marcos-maia","status":"publish","type":"post","link":"https:\/\/jorgezanoni.com.br\/2019\/morre-o-reporter-marcos-maia\/","title":{"rendered":"Morre o rep\u00f3rter Marcos Maia"},"content":{"rendered":"<p style=\"text-align: justify;\">Comunicamos com pesar o falecimento do Rep\u00f3rter Marcos Maia de 62 anos. Ele lutava contra um C\u00e2ncer e estava internado na Santa Casa de Dracena, vindo a \u00f3bito nesta madrugada.<\/p>\n<p style=\"text-align: justify;\">Maia teve uma vida toda dedicada ao r\u00e1dio e tamb\u00e9m foi rep\u00f3rter na \u00e1rea policial do Jornal Regional.<\/p>\n<p style=\"text-align: justify;\">Um amigo e colega de trabalho, sereno, prestativo, que gozava de prest\u00edgio em toda a cidade, especialmente nos meios policiais.<\/p>\n<p style=\"text-align: justify;\">\u00c0 fam\u00edlia e amigos, os nossos mais profundos sentimentos neste momento dif\u00edcil. V\u00e1 em paz amigo.<\/p>\n<p style=\"text-align: justify;\">O corpo est\u00e1 sendo velado no Vel\u00f3rio Mutu\u00e1ria Dracenense e o Sepultamento ocorre amanh\u00e3 (12) \u00e0s 10 H.<\/p>\n<p>Jorge Zanoni<\/p>\n<p>&nbsp;<\/p>\n<div class=\"xdj266r x11i5rnm xat24cr x1mh8g0r x1vvkbs x126k92a\"><\/div>\n<div class=\"x11i5rnm xat24cr x1mh8g0r x1vvkbs xtlvy1s x126k92a\">\n<div dir=\"auto\"><\/div>\n<\/div>\n","protected":false},"excerpt":{"rendered":"<p>Comunicamos com pesar o falecimento do Rep\u00f3rter Marcos Maia de 62 anos. Ele lutava contra um C\u00e2ncer e estava internado na Santa Casa de Dracena, vindo a \u00f3bito nesta madrugada. Maia teve uma vida toda dedicada ao r\u00e1dio e tamb\u00e9m foi rep\u00f3rter na \u00e1rea policial do Jornal Regional. Um amigo e colega de trabalho, sereno, [&hellip;]<\/p>\n","protected":false},"author":1,"featured_media":86044,"comment_status":"closed","ping_status":"open","sticky":false,"template":"","format":"standard","meta":{"footnotes":""},"categories":[178,110],"tags":[],"class_list":["post-86042","post","type-post","status-publish","format-standard","has-post-thumbnail","hentry","category-notadefalecimento","category-noticiasdestaque"],"_links":{"self":[{"href":"https:\/\/jorgezanoni.com.br\/2019\/wp-json\/wp\/v2\/posts\/86042","targetHints":{"allow":["GET"]}}],"collection":[{"href":"https:\/\/jorgezanoni.com.br\/2019\/wp-json\/wp\/v2\/posts"}],"about":[{"href":"https:\/\/jorgezanoni.com.br\/2019\/wp-json\/wp\/v2\/types\/post"}],"author":[{"embeddable":true,"href":"https:\/\/jorgezanoni.com.br\/2019\/wp-json\/wp\/v2\/users\/1"}],"replies":[{"embeddable":true,"href":"https:\/\/jorgezanoni.com.br\/2019\/wp-json\/wp\/v2\/comments?post=86042"}],"version-history":[{"count":3,"href":"https:\/\/jorgezanoni.com.br\/2019\/wp-json\/wp\/v2\/posts\/86042\/revisions"}],"predecessor-version":[{"id":86059,"href":"https:\/\/jorgezanoni.com.br\/2019\/wp-json\/wp\/v2\/posts\/86042\/revisions\/86059"}],"wp:featuredmedia":[{"embeddable":true,"href":"https:\/\/jorgezanoni.com.br\/2019\/wp-json\/wp\/v2\/media\/86044"}],"wp:attachment":[{"href":"https:\/\/jorgezanoni.com.br\/2019\/wp-json\/wp\/v2\/media?parent=86042"}],"wp:term":[{"taxonomy":"category","embeddable":true,"href":"https:\/\/jorgezanoni.com.br\/2019\/wp-json\/wp\/v2\/categories?post=86042"},{"taxonomy":"post_tag","embeddable":true,"href":"https:\/\/jorgezanoni.com.br\/2019\/wp-json\/wp\/v2\/tags?post=86042"}],"curies":[{"name":"wp","href":"https:\/\/api.w.org\/{rel}","templated":true}]}}