{"id":86031,"date":"2024-05-10T16:00:48","date_gmt":"2024-05-10T16:00:48","guid":{"rendered":"https:\/\/jorgezanoni.com.br\/2019\/?p=86031"},"modified":"2024-05-10T16:00:48","modified_gmt":"2024-05-10T16:00:48","slug":"policia-civil-se-une-em-acao-humanitaria-para-auxiliar-vitimas-das-enchentes-do-rs","status":"publish","type":"post","link":"https:\/\/jorgezanoni.com.br\/2019\/policia-civil-se-une-em-acao-humanitaria-para-auxiliar-vitimas-das-enchentes-do-rs\/","title":{"rendered":"Pol\u00edcia Civil se une em a\u00e7\u00e3o humanit\u00e1ria para auxiliar v\u00edtimas das enchentes do RS."},"content":{"rendered":"<p style=\"text-align: justify;\"><strong>For\u00e7a-Tarefa em Dracena arrecada doa\u00e7\u00f5es para apoiar fam\u00edlias afetadas pelas chuvas no Sul.<\/strong><\/p>\n<p style=\"text-align: justify;\">A Pol\u00edcia Civil, por interm\u00e9dio da Delegacia Seccional de Dracena, participou de uma for\u00e7a-tarefa nesta quinta-feira (9), com o objetivo de arrecadar \u00e1gua mineral, alimentos n\u00e3o perec\u00edveis, materiais de higiene pessoal e outros itens essenciais. Essas doa\u00e7\u00f5es ser\u00e3o direcionadas \u00e0s fam\u00edlias impactadas pelas intensas chuvas que assolam o estado do Rio Grande do Sul.<br \/>\nCoordenada pela Equipe da Defesa Civil de Dracena e com a colabora\u00e7\u00e3o de numerosos volunt\u00e1rios, a campanha de arrecada\u00e7\u00e3o tem um ponto de coleta na Central de Pol\u00edcia Judici\u00e1ria de Dracena (CPJ). A participa\u00e7\u00e3o e apoio da comunidade dracenense foram fundamentais para o sucesso dessa iniciativa solid\u00e1ria.<\/p>\n<p><img loading=\"lazy\" decoding=\"async\" class=\"alignnone size-full wp-image-86032\" src=\"https:\/\/jorgezanoni.com.br\/2019\/wp-content\/uploads\/2024\/05\/pc-ar-Pequeno.jpg\" alt=\"\" width=\"640\" height=\"480\" srcset=\"https:\/\/jorgezanoni.com.br\/2019\/wp-content\/uploads\/2024\/05\/pc-ar-Pequeno.jpg 640w, https:\/\/jorgezanoni.com.br\/2019\/wp-content\/uploads\/2024\/05\/pc-ar-Pequeno-300x225.jpg 300w, https:\/\/jorgezanoni.com.br\/2019\/wp-content\/uploads\/2024\/05\/pc-ar-Pequeno-80x60.jpg 80w, https:\/\/jorgezanoni.com.br\/2019\/wp-content\/uploads\/2024\/05\/pc-ar-Pequeno-265x198.jpg 265w, https:\/\/jorgezanoni.com.br\/2019\/wp-content\/uploads\/2024\/05\/pc-ar-Pequeno-560x420.jpg 560w\" sizes=\"auto, (max-width: 640px) 100vw, 640px\" \/><\/p>\n<p>Fonte: Com. Social Pol\u00edcia Civil<\/p>\n","protected":false},"excerpt":{"rendered":"<p>For\u00e7a-Tarefa em Dracena arrecada doa\u00e7\u00f5es para apoiar fam\u00edlias afetadas pelas chuvas no Sul. A Pol\u00edcia Civil, por interm\u00e9dio da Delegacia Seccional de Dracena, participou de uma for\u00e7a-tarefa nesta quinta-feira (9), com o objetivo de arrecadar \u00e1gua mineral, alimentos n\u00e3o perec\u00edveis, materiais de higiene pessoal e outros itens essenciais. Essas doa\u00e7\u00f5es ser\u00e3o direcionadas \u00e0s fam\u00edlias impactadas [&hellip;]<\/p>\n","protected":false},"author":1,"featured_media":86033,"comment_status":"closed","ping_status":"open","sticky":false,"template":"","format":"standard","meta":{"footnotes":""},"categories":[110,2],"tags":[],"class_list":["post-86031","post","type-post","status-publish","format-standard","has-post-thumbnail","hentry","category-noticiasdestaque","category-policial"],"_links":{"self":[{"href":"https:\/\/jorgezanoni.com.br\/2019\/wp-json\/wp\/v2\/posts\/86031","targetHints":{"allow":["GET"]}}],"collection":[{"href":"https:\/\/jorgezanoni.com.br\/2019\/wp-json\/wp\/v2\/posts"}],"about":[{"href":"https:\/\/jorgezanoni.com.br\/2019\/wp-json\/wp\/v2\/types\/post"}],"author":[{"embeddable":true,"href":"https:\/\/jorgezanoni.com.br\/2019\/wp-json\/wp\/v2\/users\/1"}],"replies":[{"embeddable":true,"href":"https:\/\/jorgezanoni.com.br\/2019\/wp-json\/wp\/v2\/comments?post=86031"}],"version-history":[{"count":1,"href":"https:\/\/jorgezanoni.com.br\/2019\/wp-json\/wp\/v2\/posts\/86031\/revisions"}],"predecessor-version":[{"id":86034,"href":"https:\/\/jorgezanoni.com.br\/2019\/wp-json\/wp\/v2\/posts\/86031\/revisions\/86034"}],"wp:featuredmedia":[{"embeddable":true,"href":"https:\/\/jorgezanoni.com.br\/2019\/wp-json\/wp\/v2\/media\/86033"}],"wp:attachment":[{"href":"https:\/\/jorgezanoni.com.br\/2019\/wp-json\/wp\/v2\/media?parent=86031"}],"wp:term":[{"taxonomy":"category","embeddable":true,"href":"https:\/\/jorgezanoni.com.br\/2019\/wp-json\/wp\/v2\/categories?post=86031"},{"taxonomy":"post_tag","embeddable":true,"href":"https:\/\/jorgezanoni.com.br\/2019\/wp-json\/wp\/v2\/tags?post=86031"}],"curies":[{"name":"wp","href":"https:\/\/api.w.org\/{rel}","templated":true}]}}