{"id":86007,"date":"2024-05-09T23:28:14","date_gmt":"2024-05-09T23:28:14","guid":{"rendered":"https:\/\/jorgezanoni.com.br\/2019\/?p=86007"},"modified":"2024-05-09T23:28:14","modified_gmt":"2024-05-09T23:28:14","slug":"presidios-femininos-de-sao-paulo-celebram-um-ano-de-visita-virtual-mulher-em-vespera-do-dia-das-maes","status":"publish","type":"post","link":"https:\/\/jorgezanoni.com.br\/2019\/presidios-femininos-de-sao-paulo-celebram-um-ano-de-visita-virtual-mulher-em-vespera-do-dia-das-maes\/","title":{"rendered":"Pres\u00eddios femininos de S\u00e3o Paulo celebram um ano de Visita Virtual Mulher em v\u00e9spera do Dia das M\u00e3es"},"content":{"rendered":"<div style=\"text-align: justify;\"><strong><i>Modalidade de visita virtual do projeto Conex\u00e3o Familiar foi pensado como forma de manter os la\u00e7os familiares entre reeducandas e seus filhos.<\/i><\/strong><\/div>\n<div style=\"text-align: justify;\"><\/div>\n<div style=\"text-align: justify;\">No pr\u00f3ximo domingo (12), data em que se comemora o Dia das M\u00e3es, o projeto Conex\u00e3o Familiar \u2013 Visita Virtual Mulher completa um ano de funcionamento nos pres\u00eddios femininos do Estado de S\u00e3o Paulo. Desde sua implementa\u00e7\u00e3o, foram realizadas 5.645 visitas virtuais, representando um importante meio de manter os la\u00e7os familiares durante o per\u00edodo de reclus\u00e3o no sistema prisional.<\/div>\n<div style=\"text-align: justify;\">A iniciativa, fruto de uma proposta idealizada pelo Comit\u00ea da Mulher Presa e Egressa do Sistema Prisional e pela Coordenadoria de Reintegra\u00e7\u00e3o Social e Cidadania, surgiu como resposta a um cen\u00e1rio preocupante: o baixo n\u00famero de visitas recebidas pelas mulheres presas nas unidades prisionais do estado.<\/div>\n<div style=\"text-align: justify;\">Reconhecendo a import\u00e2ncia do contato familiar para a reintegra\u00e7\u00e3o social das reeducandas, o projeto visa proporcionar uma alternativa vi\u00e1vel, especialmente para aquelas que enfrentam dificuldades em receber visitas presenciais, sobretudo as m\u00e3es separadas de seus filhos.<\/div>\n<div style=\"text-align: justify;\">A hist\u00f3ria de Giovana, da Penitenci\u00e1ria Feminina de Tupi Paulista, ilustra a relev\u00e2ncia dessa iniciativa. A quase 200 km de dist\u00e2ncia de sua cidade, a \u00fanica forma de contato que a reeducanda tinha com seus filhos, de 8 e 19 anos, era por meio de cartas ou por e-mail, outra modalidade do projeto Conex\u00e3o Familiar. &#8220;Por carta eu n\u00e3o consigo ver o sorriso dos meus filhos, mas pela chamada a gente consegue ver a emo\u00e7\u00e3o deles. Na \u00faltima visita eu brinquei com a minha filha e ela abriu aquele sorriso lindo, toda feliz&#8221;, exemplifica.<\/div>\n<div style=\"text-align: justify;\">A reeducanda destaca que a modalidade virtual de visitas ajuda a manter os la\u00e7os familiares. &#8220;Se eu n\u00e3o tivesse essa visita, conforme meu filho fosse crescendo, eu acho que n\u00e3o ia ter mais aquele la\u00e7o de m\u00e3e e filho. Mas a partir do momento que a gente est\u00e1 em contato todos os finais de semana, fica muito mais f\u00e1cil para a gente ter uma conviv\u00eancia depois que eu sair&#8221;.<\/div>\n<div style=\"text-align: justify;\">Al\u00e9m dos filhos, Giovana tamb\u00e9m utiliza a visita virtual para matar a saudade de sua m\u00e3e, principalmente em datas comemorativas como o Dia das M\u00e3es. &#8220;Neste fim de semana vou mandar um monte de beijos para ela. Eu falo sempre: &#8216;m\u00e3e, que vontade de deitar no seu colo&#8217;, a\u00ed ela sorri. \u00c9 muito gostoso, est\u00e1 sendo muito gratificante&#8221;, completa.<\/div>\n<div style=\"text-align: justify;\">Desde a sua implanta\u00e7\u00e3o, o projeto tem sido uma ferramenta essencial para amenizar as consequ\u00eancias da separa\u00e7\u00e3o f\u00edsica, permitindo que familiares e reeducandas possam se ver e conversar regularmente. A visita virtual, de 10 minutos, tem sido uma forma eficaz de aproxima\u00e7\u00e3o, possibilitando que mais pessoas possam ter acesso a esse importante meio de comunica\u00e7\u00e3o.<\/div>\n<div style=\"text-align: justify;\">A Coordenadora de Reintegra\u00e7\u00e3o Social e Cidadania, Carolina Passos Branquinho Maracaj\u00e1, ressalta que a iniciativa \u00e9 uma continua\u00e7\u00e3o do projeto Conex\u00e3o Familiar, implementado durante a pandemia de Covid-19 em 2020. Desde ent\u00e3o, a visita virtual se mostrou uma ferramenta valiosa, cuja import\u00e2ncia se estende para al\u00e9m do contexto pand\u00eamico.<\/div>\n<div style=\"text-align: justify;\">&#8220;Os familiares, guardi\u00f5es dos filhos e filhas das mulheres privadas de liberdade, que se encontram muitas vezes em situa\u00e7\u00f5es vulner\u00e1veis, para conseguir manter os v\u00ednculos fortalecidos, encontram nas visitas virtuais o aconchego da fam\u00edlia, quando podem se olhar, e assim sentir que logo estar\u00e3o juntos novamente. E isso, minimiza a fragilidade social e psicol\u00f3gica&#8221;, destaca a Coordenadora.<\/div>\n<div style=\"text-align: justify;\">Com o objetivo de garantir a continuidade e efic\u00e1cia do projeto, \u00e9 fundamental que familiares estejam regularmente cadastrados no rol de visitas dos reeducandos e solicitem o agendamento para visita virtual por meio do site oficial da Secretaria da Administra\u00e7\u00e3o Penitenci\u00e1ria. A modalidade de visita virtual tem se mostrado n\u00e3o apenas uma alternativa tempor\u00e1ria, mas sim uma ferramenta indispens\u00e1vel para manter os la\u00e7os afetivos em um contexto desafiador como o sistema prisional.<\/div>\n<div><\/div>\n<div><img loading=\"lazy\" decoding=\"async\" class=\"alignnone size-full wp-image-86009\" src=\"https:\/\/jorgezanoni.com.br\/2019\/wp-content\/uploads\/2024\/05\/sap2-Pequeno.jpg\" alt=\"\" width=\"360\" height=\"480\" srcset=\"https:\/\/jorgezanoni.com.br\/2019\/wp-content\/uploads\/2024\/05\/sap2-Pequeno.jpg 360w, https:\/\/jorgezanoni.com.br\/2019\/wp-content\/uploads\/2024\/05\/sap2-Pequeno-225x300.jpg 225w, https:\/\/jorgezanoni.com.br\/2019\/wp-content\/uploads\/2024\/05\/sap2-Pequeno-315x420.jpg 315w\" sizes=\"auto, (max-width: 360px) 100vw, 360px\" \/><\/div>\n<div><\/div>\n<div><\/div>\n<table>\n<tbody>\n<tr>\n<td colspan=\"3\">\n<div align=\"center\"><b>Per\u00edodo de &#8217;11\/05\/2023&#8242; a &#8217;30\/04\/2024&#8242;<\/b><\/div>\n<\/td>\n<\/tr>\n<tr>\n<td>\n<div align=\"center\"><b>unidade_nome<\/b><\/div>\n<\/td>\n<td>\n<div align=\"center\"><b>Status<\/b><\/div>\n<\/td>\n<td>\n<div align=\"center\"><b>qtde<\/b><\/div>\n<\/td>\n<\/tr>\n<tr>\n<td>\n<div>CDP FRANCO DA ROCHA FEMININO<\/div>\n<\/td>\n<td>\n<div>REALIZADO<\/div>\n<\/td>\n<td>\n<div align=\"right\">245<\/div>\n<\/td>\n<\/tr>\n<tr>\n<td>\n<div>CRF ARARAQUARA<\/div>\n<\/td>\n<td>\n<div>REALIZADO<\/div>\n<\/td>\n<td>\n<div align=\"right\">229<\/div>\n<\/td>\n<\/tr>\n<tr>\n<td>\n<div>CRF PIRACICABA<\/div>\n<\/td>\n<td>\n<div>REALIZADO<\/div>\n<\/td>\n<td>\n<div align=\"right\">127<\/div>\n<\/td>\n<\/tr>\n<tr>\n<td>\n<div>CRF RIO CLARO<\/div>\n<\/td>\n<td>\n<div>REALIZADO<\/div>\n<\/td>\n<td>\n<div align=\"right\">27<\/div>\n<\/td>\n<\/tr>\n<tr>\n<td>\n<div>PF CAMPINAS<\/div>\n<\/td>\n<td>\n<div>REALIZADO<\/div>\n<\/td>\n<td>\n<div align=\"right\">152<\/div>\n<\/td>\n<\/tr>\n<tr>\n<td>\n<div>PF GUARIBA<\/div>\n<\/td>\n<td>\n<div>REALIZADO<\/div>\n<\/td>\n<td>\n<div align=\"right\">3<\/div>\n<\/td>\n<\/tr>\n<tr>\n<td>\n<div>PF MOGI GUACU<\/div>\n<\/td>\n<td>\n<div>REALIZADO<\/div>\n<\/td>\n<td>\n<div align=\"right\">84<\/div>\n<\/td>\n<\/tr>\n<tr>\n<td>\n<div>PF PIRAJUI<\/div>\n<\/td>\n<td>\n<div>REALIZADO<\/div>\n<\/td>\n<td>\n<div align=\"right\">930<\/div>\n<\/td>\n<\/tr>\n<tr>\n<td>\n<div>PF RIBEIRAO PRETO<\/div>\n<\/td>\n<td>\n<div>REALIZADO<\/div>\n<\/td>\n<td>\n<div align=\"right\">255<\/div>\n<\/td>\n<\/tr>\n<tr>\n<td>\n<div>PF SANT ANA<\/div>\n<\/td>\n<td>\n<div>REALIZADO<\/div>\n<\/td>\n<td>\n<div align=\"right\">384<\/div>\n<\/td>\n<\/tr>\n<tr>\n<td>\n<div>PF TREMEMBE I<\/div>\n<\/td>\n<td>\n<div>REALIZADO<\/div>\n<\/td>\n<td>\n<div align=\"right\">411<\/div>\n<\/td>\n<\/tr>\n<tr>\n<td>\n<div>PF TREMEMB\u00c9 I<\/div>\n<\/td>\n<td>\n<div>REALIZADO<\/div>\n<\/td>\n<td>\n<div align=\"right\">11<\/div>\n<\/td>\n<\/tr>\n<tr>\n<td>\n<div>PF TREMEMBE II<\/div>\n<\/td>\n<td>\n<div>REALIZADO<\/div>\n<\/td>\n<td>\n<div align=\"right\">827<\/div>\n<\/td>\n<\/tr>\n<tr>\n<td>\n<div>PF TUPI PAULISTA<\/div>\n<\/td>\n<td>\n<div>REALIZADO<\/div>\n<\/td>\n<td>\n<div align=\"right\">1503<\/div>\n<\/td>\n<\/tr>\n<tr>\n<td>\n<div>PF VOTORANTIM<\/div>\n<\/td>\n<td>\n<div>REALIZADO<\/div>\n<\/td>\n<td>\n<div align=\"right\">457<\/div>\n<\/td>\n<\/tr>\n<tr>\n<td><\/td>\n<td><\/td>\n<td>\n<div align=\"right\"><b>5645<\/b><\/div>\n<\/td>\n<\/tr>\n<\/tbody>\n<\/table>\n<div><\/div>\n<div>LEGENDAS<\/div>\n<ol start=\"1\">\n<li>Visita virtual tem aproximado mulheres privadas de liberdade de seus familiares (foto arquivo)<\/li>\n<li>Penitenci\u00e1ria Feminina de Tupi Paulista registrou 1.503 atendimentos do g\u00eanero em quase um ano (foto arquivo)<\/li>\n<\/ol>\n<div>Atenciosamente,<\/div>\n<div><img loading=\"lazy\" decoding=\"async\" class=\"alignnone size-full wp-image-86008\" src=\"https:\/\/jorgezanoni.com.br\/2019\/wp-content\/uploads\/2024\/05\/sap.jpg\" alt=\"\" width=\"564\" height=\"157\" srcset=\"https:\/\/jorgezanoni.com.br\/2019\/wp-content\/uploads\/2024\/05\/sap.jpg 564w, https:\/\/jorgezanoni.com.br\/2019\/wp-content\/uploads\/2024\/05\/sap-300x84.jpg 300w\" sizes=\"auto, (max-width: 564px) 100vw, 564px\" \/><\/div>\n","protected":false},"excerpt":{"rendered":"<p>Modalidade de visita virtual do projeto Conex\u00e3o Familiar foi pensado como forma de manter os la\u00e7os familiares entre reeducandas e seus filhos. No pr\u00f3ximo domingo (12), data em que se comemora o Dia das M\u00e3es, o projeto Conex\u00e3o Familiar \u2013 Visita Virtual Mulher completa um ano de funcionamento nos pres\u00eddios femininos do Estado de S\u00e3o [&hellip;]<\/p>\n","protected":false},"author":1,"featured_media":86010,"comment_status":"closed","ping_status":"open","sticky":false,"template":"","format":"standard","meta":{"footnotes":""},"categories":[110,2],"tags":[],"class_list":["post-86007","post","type-post","status-publish","format-standard","has-post-thumbnail","hentry","category-noticiasdestaque","category-policial"],"_links":{"self":[{"href":"https:\/\/jorgezanoni.com.br\/2019\/wp-json\/wp\/v2\/posts\/86007","targetHints":{"allow":["GET"]}}],"collection":[{"href":"https:\/\/jorgezanoni.com.br\/2019\/wp-json\/wp\/v2\/posts"}],"about":[{"href":"https:\/\/jorgezanoni.com.br\/2019\/wp-json\/wp\/v2\/types\/post"}],"author":[{"embeddable":true,"href":"https:\/\/jorgezanoni.com.br\/2019\/wp-json\/wp\/v2\/users\/1"}],"replies":[{"embeddable":true,"href":"https:\/\/jorgezanoni.com.br\/2019\/wp-json\/wp\/v2\/comments?post=86007"}],"version-history":[{"count":1,"href":"https:\/\/jorgezanoni.com.br\/2019\/wp-json\/wp\/v2\/posts\/86007\/revisions"}],"predecessor-version":[{"id":86011,"href":"https:\/\/jorgezanoni.com.br\/2019\/wp-json\/wp\/v2\/posts\/86007\/revisions\/86011"}],"wp:featuredmedia":[{"embeddable":true,"href":"https:\/\/jorgezanoni.com.br\/2019\/wp-json\/wp\/v2\/media\/86010"}],"wp:attachment":[{"href":"https:\/\/jorgezanoni.com.br\/2019\/wp-json\/wp\/v2\/media?parent=86007"}],"wp:term":[{"taxonomy":"category","embeddable":true,"href":"https:\/\/jorgezanoni.com.br\/2019\/wp-json\/wp\/v2\/categories?post=86007"},{"taxonomy":"post_tag","embeddable":true,"href":"https:\/\/jorgezanoni.com.br\/2019\/wp-json\/wp\/v2\/tags?post=86007"}],"curies":[{"name":"wp","href":"https:\/\/api.w.org\/{rel}","templated":true}]}}