{"id":86001,"date":"2024-05-09T15:32:45","date_gmt":"2024-05-09T15:32:45","guid":{"rendered":"https:\/\/jorgezanoni.com.br\/2019\/?p=86001"},"modified":"2024-05-09T15:32:45","modified_gmt":"2024-05-09T15:32:45","slug":"atleta-aparecida-de-fatima-recebe-diploma-de-honra-ao-merito-na-camara-de-dracena","status":"publish","type":"post","link":"https:\/\/jorgezanoni.com.br\/2019\/atleta-aparecida-de-fatima-recebe-diploma-de-honra-ao-merito-na-camara-de-dracena\/","title":{"rendered":"Atleta Aparecida de F\u00e1tima recebe Diploma de Honra ao M\u00e9rito na C\u00e2mara de Dracena"},"content":{"rendered":"<p style=\"text-align: justify;\"><strong><em>Homenagem tramitou no Legislativo atrav\u00e9s do PDL n.\u00ba 02\/24 e foi aprovado por unanimidade.<\/em><\/strong><\/p>\n<p style=\"text-align: justify;\">Nesta segunda-feira, 6, a atleta Aparecida de F\u00e1tima Pereira Viana foi homenageada na C\u00e2mara Municipal de Dracena e recebeu Diploma de Honra ao M\u00e9rito pelas conquistas em maratonas que tem trazido para o munic\u00edpio.<\/p>\n<p style=\"text-align: justify;\">Aparecida de F\u00e1tima \u00e9 corredora e desde 2018 acumula t\u00edtulos em diversas modalidades nacionais e internacionais. A mais recente foi em 2023 na qual sagrou-se campe\u00e3 da Maratona Internacional de Buenos Aires, na Argentina.<\/p>\n<p style=\"text-align: justify;\">A homenagem tramitou na C\u00e2mara atrav\u00e9s do projeto de decreto legislativo n.\u00ba 02\/24, de iniciativa da vereadora Sara Scarabelli e aprovada por unanimidade.<\/p>\n<p style=\"text-align: justify;\">Para compor a Mesa Principal, o vice-presidente da C\u00e2mara, Claudinei Millan, convidou a homenageada e o prefeito Andr\u00e9 Lemos.<\/p>\n<p style=\"text-align: justify;\">Em seu discurso, Aparecida de F\u00e1tima agradeceu todo apoio que tem recebido desde que come\u00e7ou sua carreira de atleta. \u201cEssas vit\u00f3rias n\u00e3o s\u00e3o s\u00f3 minhas porque sem voc\u00eas eu tamb\u00e9m n\u00e3o teria vit\u00f3rias!<\/p>\n<p style=\"text-align: justify;\">Discursaram tamb\u00e9m a vereadora Sara Scarabelli, autora da homenagem; Elaine Rodrigues de Carvalho, personal trainer; e o prefeito Andr\u00e9 Lemos.<\/p>\n<p><img loading=\"lazy\" decoding=\"async\" class=\"alignnone size-full wp-image-86002\" src=\"https:\/\/jorgezanoni.com.br\/2019\/wp-content\/uploads\/2024\/05\/z-cam1-Pequeno.jpg\" alt=\"\" width=\"720\" height=\"480\" srcset=\"https:\/\/jorgezanoni.com.br\/2019\/wp-content\/uploads\/2024\/05\/z-cam1-Pequeno.jpg 720w, https:\/\/jorgezanoni.com.br\/2019\/wp-content\/uploads\/2024\/05\/z-cam1-Pequeno-300x200.jpg 300w, https:\/\/jorgezanoni.com.br\/2019\/wp-content\/uploads\/2024\/05\/z-cam1-Pequeno-696x464.jpg 696w, https:\/\/jorgezanoni.com.br\/2019\/wp-content\/uploads\/2024\/05\/z-cam1-Pequeno-630x420.jpg 630w\" sizes=\"auto, (max-width: 720px) 100vw, 720px\" \/> <img loading=\"lazy\" decoding=\"async\" class=\"alignnone size-full wp-image-86004\" src=\"https:\/\/jorgezanoni.com.br\/2019\/wp-content\/uploads\/2024\/05\/z-cam-Pequeno.jpg\" alt=\"\" width=\"720\" height=\"480\" srcset=\"https:\/\/jorgezanoni.com.br\/2019\/wp-content\/uploads\/2024\/05\/z-cam-Pequeno.jpg 720w, https:\/\/jorgezanoni.com.br\/2019\/wp-content\/uploads\/2024\/05\/z-cam-Pequeno-300x200.jpg 300w, https:\/\/jorgezanoni.com.br\/2019\/wp-content\/uploads\/2024\/05\/z-cam-Pequeno-696x464.jpg 696w, https:\/\/jorgezanoni.com.br\/2019\/wp-content\/uploads\/2024\/05\/z-cam-Pequeno-630x420.jpg 630w\" sizes=\"auto, (max-width: 720px) 100vw, 720px\" \/><\/p>\n<p>Fonte: Assessoria de Imprensa<\/p>\n","protected":false},"excerpt":{"rendered":"<p>Homenagem tramitou no Legislativo atrav\u00e9s do PDL n.\u00ba 02\/24 e foi aprovado por unanimidade. Nesta segunda-feira, 6, a atleta Aparecida de F\u00e1tima Pereira Viana foi homenageada na C\u00e2mara Municipal de Dracena e recebeu Diploma de Honra ao M\u00e9rito pelas conquistas em maratonas que tem trazido para o munic\u00edpio. Aparecida de F\u00e1tima \u00e9 corredora e desde [&hellip;]<\/p>\n","protected":false},"author":1,"featured_media":86003,"comment_status":"closed","ping_status":"open","sticky":false,"template":"","format":"standard","meta":{"footnotes":""},"categories":[110,116],"tags":[],"class_list":["post-86001","post","type-post","status-publish","format-standard","has-post-thumbnail","hentry","category-noticiasdestaque","category-politicaeeconomia"],"_links":{"self":[{"href":"https:\/\/jorgezanoni.com.br\/2019\/wp-json\/wp\/v2\/posts\/86001","targetHints":{"allow":["GET"]}}],"collection":[{"href":"https:\/\/jorgezanoni.com.br\/2019\/wp-json\/wp\/v2\/posts"}],"about":[{"href":"https:\/\/jorgezanoni.com.br\/2019\/wp-json\/wp\/v2\/types\/post"}],"author":[{"embeddable":true,"href":"https:\/\/jorgezanoni.com.br\/2019\/wp-json\/wp\/v2\/users\/1"}],"replies":[{"embeddable":true,"href":"https:\/\/jorgezanoni.com.br\/2019\/wp-json\/wp\/v2\/comments?post=86001"}],"version-history":[{"count":1,"href":"https:\/\/jorgezanoni.com.br\/2019\/wp-json\/wp\/v2\/posts\/86001\/revisions"}],"predecessor-version":[{"id":86005,"href":"https:\/\/jorgezanoni.com.br\/2019\/wp-json\/wp\/v2\/posts\/86001\/revisions\/86005"}],"wp:featuredmedia":[{"embeddable":true,"href":"https:\/\/jorgezanoni.com.br\/2019\/wp-json\/wp\/v2\/media\/86003"}],"wp:attachment":[{"href":"https:\/\/jorgezanoni.com.br\/2019\/wp-json\/wp\/v2\/media?parent=86001"}],"wp:term":[{"taxonomy":"category","embeddable":true,"href":"https:\/\/jorgezanoni.com.br\/2019\/wp-json\/wp\/v2\/categories?post=86001"},{"taxonomy":"post_tag","embeddable":true,"href":"https:\/\/jorgezanoni.com.br\/2019\/wp-json\/wp\/v2\/tags?post=86001"}],"curies":[{"name":"wp","href":"https:\/\/api.w.org\/{rel}","templated":true}]}}